{"id":18522,"date":"2026-04-27T23:40:45","date_gmt":"2026-04-27T23:40:45","guid":{"rendered":"https:\/\/soccer90mins.com\/?p=18522"},"modified":"2026-04-27T23:40:45","modified_gmt":"2026-04-27T23:40:45","slug":"po-awansie-chcemy-zbudowac-druzyne-ktora-walczy-o-cos-krolewski-przedstawia-wizje-wisly-krakow-z-nowym-planem-dzialania","status":"publish","type":"post","link":"https:\/\/soccer90mins.com\/?p=18522","title":{"rendered":"\u201ePo awansie chcemy zbudowa\u0107 dru\u017cyn\u0119, kt\u00f3ra walczy o co\u015b\u201d \u2013 Kr\u00f3lewski przedstawia wizj\u0119 Wis\u0142y Krak\u00f3w z nowym planem dzia\u0142ania"},"content":{"rendered":"<p>Wis\u0142a Krak\u00f3w s\u0105 o krok od powrotu do Ekstraklasy, jednak dla prezesa klubu Jaros\u0142aw Kr\u00f3lewski sam awans nie jest celem ko\u0144cowym, lecz dopiero pocz\u0105tkiem znacznie szerszego i bardziej wymagaj\u0105cego projektu opartego na strukturze, konkurencyjno\u015bci i d\u0142ugofalowej ambicji.<\/p>\n<p>&nbsp;<\/p>\n<p>W obszernym i wielow\u0105tkowym wywiadzie Kr\u00f3lewski odni\u00f3s\u0142 si\u0119 do aktualnej formy zespo\u0142u, kwestii taktycznych, kierunku finansowego, planowania kadry oraz rosn\u0105cej obecno\u015bci klubu na arenie mi\u0119dzynarodowej. Jednocze\u015bnie jasno okre\u015bli\u0142 filozofi\u0119 na przysz\u0142o\u015b\u0107: awans nie jest met\u0105, lecz fundamentem.<\/p>\n<p>&nbsp;<\/p>\n<p>O remisie z Puszcz\u0105 Niepo\u0142omice<\/p>\n<p>Komentuj\u0105c frustruj\u0105cy wynik 2:2, Kr\u00f3lewski podkre\u015bli\u0142 potrzeb\u0119 szerszej perspektywy, jednocze\u015bnie wskazuj\u0105c na konkretne problemy:<\/p>\n<p>&nbsp;<\/p>\n<p>\u201eWynik pozostawia pewien niedosyt, ale warto spojrze\u0107 na ten mecz w szerszym kontek\u015bcie. Zobaczy\u0142em dru\u017cyn\u0119 w nieco innym wymiarze ni\u017c zwykle \u2014 nie tylko pod wzgl\u0119dem jako\u015bci technicznej, kt\u00f3ra jest nasz\u0105 du\u017c\u0105 si\u0142\u0105, ale tak\u017ce fizycznym i mentalnym.\u201d<\/p>\n<p>&nbsp;<\/p>\n<p>Zwr\u00f3ci\u0142 uwag\u0119 na zaanga\u017cowanie zespo\u0142u:<\/p>\n<p>&nbsp;<\/p>\n<p>\u201eNie odst\u0119powali\u015bmy w pojedynkach fizycznych, walczyli\u015bmy o ka\u017cdy metr i nikt nie unika\u0142 odpowiedzialno\u015bci. To buduje charakter.\u201d<\/p>\n<p>&nbsp;<\/p>\n<p>Jednocze\u015bnie wskaza\u0142 powtarzaj\u0105cy si\u0119 problem:<\/p>\n<p>&nbsp;<\/p>\n<p>\u201eDwukrotnie prowadzili\u015bmy i dwukrotnie tracili\u015bmy przewag\u0119 po sta\u0142ych fragmentach gry. To jest konkretny obszar do poprawy i b\u0119dziemy nad nim pracowa\u0107.\u201d<\/p>\n<p>&nbsp;<\/p>\n<p>Podkre\u015bli\u0142 jednak kontrol\u0119 nad sytuacj\u0105 w lidze:<\/p>\n<p>&nbsp;<\/p>\n<p>\u201eMamy pi\u0119\u0107 punkt\u00f3w przewagi nad drugim \u015al\u0105skiem. Na cztery kolejki przed ko\u0144cem pozostajemy niepokonani w lidze w 2026 roku, a awans zale\u017cy wy\u0142\u0105cznie od nas.\u201d<\/p>\n<p>&nbsp;<\/p>\n<p>O b\u0142\u0119dach i s\u0119dziowaniu<\/p>\n<p>Prezes Wis\u0142y przyzna\u0142, \u017ce b\u0142\u0119dy indywidualne s\u0105 cz\u0119\u015bci\u0105 gry:<\/p>\n<p>&nbsp;<\/p>\n<p>\u201eB\u0142\u0119dy indywidualne si\u0119 zdarzy\u0142y i nie ma sensu ich relatywizowa\u0107 \u2014 dwa stracone gole po sta\u0142ych fragmentach to kwestia koncentracji, ustawienia i detalu.\u201d<\/p>\n<p>&nbsp;<\/p>\n<p>Jednocze\u015bnie odni\u00f3s\u0142 si\u0119 do kontrowersji s\u0119dziowskich:<\/p>\n<p>&nbsp;<\/p>\n<p>\u201eTo temat, kt\u00f3ry w tym sezonie pojawia si\u0119 zbyt cz\u0119sto, by go ignorowa\u0107. Dane z ca\u0142ych rozgrywek s\u0105, delikatnie m\u00f3wi\u0105c, niesymetryczne.\u201d<\/p>\n<p>&nbsp;<\/p>\n<p>Zastrzeg\u0142 jednak:<\/p>\n<p>&nbsp;<\/p>\n<p>\u201eNie szukam teorii spiskowych. Interesuje mnie standard. A standard s\u0119dziowania w polskiej pi\u0142ce wymaga systemowej poprawy.\u201d<\/p>\n<p>&nbsp;<\/p>\n<p>O presji awansu i oczekiwaniach<\/p>\n<p>Kr\u00f3lewski podkre\u015bli\u0142, \u017ce priorytetem s\u0105 wyniki, nie estetyka:<\/p>\n<p>&nbsp;<\/p>\n<p>\u201eNie budujemy narracji wok\u00f3\u0142 widowiska \u2014 budujemy j\u0105 wok\u00f3\u0142 wynik\u00f3w. Naszym celem jest awans bez \u017cadnych znak\u00f3w zapytania.\u201d<\/p>\n<p>&nbsp;<\/p>\n<p>Doda\u0142:<\/p>\n<p>&nbsp;<\/p>\n<p>\u201eOczywi\u015bcie chcemy gra\u0107 atrakcyjnie, ale w tej fazie sezonu priorytetem jest efektywno\u015b\u0107.\u201d<\/p>\n<p>&nbsp;<\/p>\n<p>I okre\u015bli\u0142 plan na finiszu rozgrywek:<\/p>\n<p>&nbsp;<\/p>\n<p>\u201ePlan jest jasny: wygra\u0107 w Rzeszowie, a nast\u0119pnie domkn\u0105\u0107 temat u siebie z Chrobrym. Wszystko zale\u017cy od nas, nie od otoczenia.\u201d<\/p>\n<p>&nbsp;<\/p>\n<p>O przygotowaniach do awansu i celebracji<\/p>\n<p>Mimo rosn\u0105cych oczekiwa\u0144, prezes zachowuje ostro\u017cno\u015b\u0107:<\/p>\n<p>&nbsp;<\/p>\n<p>\u201eDo momentu matematycznego potwierdzenia awansu nie komunikujemy szczeg\u00f3\u0142\u00f3w. Jeste\u015bmy operacyjnie przygotowani na r\u00f3\u017cne scenariusze.\u201d<\/p>\n<p>&nbsp;<\/p>\n<p>Jednocze\u015bnie zaznaczy\u0142:<\/p>\n<p>&nbsp;<\/p>\n<p>\u201eJe\u015bli wszystko p\u00f3jdzie zgodnie z planem, chcemy \u015bwi\u0119towa\u0107 z miastem i kibicami w spos\u00f3b adekwatny do historii i skali tego klubu.\u201d<\/p>\n<p>&nbsp;<\/p>\n<p>O w\u0142a\u015bcicielach i spekulacjach inwestycyjnych<\/p>\n<p>Kr\u00f3lewski uci\u0105\u0142 spekulacje:<\/p>\n<p>&nbsp;<\/p>\n<p>\u201eNa dzi\u015b nie ma \u017cadnych decyzji i najprawdopodobniej nie b\u0119dzie ich przed czerwcem, poniewa\u017c priorytetem s\u0105 kwestie sportowe.\u201d<\/p>\n<p>&nbsp;<\/p>\n<p>Wyja\u015bni\u0142 r\u00f3wnie\u017c struktur\u0119 klubu:<\/p>\n<p>&nbsp;<\/p>\n<p>\u201eEwentualne zmiany mog\u0105 wynika\u0107 wy\u0142\u0105cznie z decyzji inwestora, kt\u00f3ry chcia\u0142by wdro\u017cy\u0107 w\u0142asn\u0105 wizj\u0119 operacyjn\u0105 i przej\u0105\u0107 pe\u0142ne zarz\u0105dzanie klubem.\u201d<\/p>\n<p><img loading=\"lazy\" decoding=\"async\" class=\"alignnone size-medium wp-image-18523\" src=\"https:\/\/soccer90mins.com\/wp-content\/uploads\/2026\/04\/66a2a93002dfc-768x512-1-300x200.jpeg\" alt=\"\" width=\"300\" height=\"200\" srcset=\"https:\/\/soccer90mins.com\/wp-content\/uploads\/2026\/04\/66a2a93002dfc-768x512-1-300x200.jpeg 300w, https:\/\/soccer90mins.com\/wp-content\/uploads\/2026\/04\/66a2a93002dfc-768x512-1.jpeg 768w\" sizes=\"auto, (max-width: 300px) 100vw, 300px\" \/><\/p>\n<p>O finansowaniu i modelu klubu<\/p>\n<p>Prezes potwierdzi\u0142 swoje zaanga\u017cowanie:<\/p>\n<p>&nbsp;<\/p>\n<p>\u201eOd pocz\u0105tku mojego zaanga\u017cowania wspieram klub finansowo i zamierzam kontynuowa\u0107 to podej\u015bcie.\u201d<\/p>\n<p>&nbsp;<\/p>\n<p>Jednocze\u015bnie wskaza\u0142 kierunek rozwoju:<\/p>\n<p>&nbsp;<\/p>\n<p>\u201eBudujemy model, w kt\u00f3rym Wis\u0142a opiera si\u0119 na w\u0142asnych przychodach \u2014 komercyjnych, sponsorskich i transferowych \u2014 a nie sta\u0142ym finansowaniu z jednego \u017ar\u00f3d\u0142a.\u201d<\/p>\n<p>&nbsp;<\/p>\n<p>O budowie kadry po awansie<\/p>\n<p>Kr\u00f3lewski potwierdzi\u0142 zaawansowane przygotowania:<\/p>\n<p>&nbsp;<\/p>\n<p>\u201eAnalizy transferowe prowadzone s\u0105 od kilku miesi\u0119cy, niezale\u017cnie od w\u0105tk\u00f3w w\u0142a\u015bcicielskich.\u201d<\/p>\n<p>&nbsp;<\/p>\n<p>I doda\u0142:<\/p>\n<p>&nbsp;<\/p>\n<p>\u201eM\u00f3wimy o wzmocnieniach, nie uzupe\u0142nieniach. Ekstraklasa w sezonie 2026\/2027 b\u0119dzie niezwykle konkurencyjna.\u201d<\/p>\n<p>&nbsp;<\/p>\n<p>Zaznaczy\u0142 r\u00f3wnie\u017c:<\/p>\n<p>&nbsp;<\/p>\n<p>\u201eEwentualny inwestor m\u00f3g\u0142by jedynie zwi\u0119kszy\u0107 nasze mo\u017cliwo\u015bci \u2014 nie zmieniaj\u0105c fundamentu strategii.\u201d<\/p>\n<p>&nbsp;<\/p>\n<p>O infrastrukturze i projekcie rozwojowym<\/p>\n<p>Odnosz\u0105c si\u0119 do centrum treningowo-badawczego:<\/p>\n<p>&nbsp;<\/p>\n<p>\u201eProjekt zosta\u0142 z\u0142o\u017cony do Ministerstwa Sportu i Turystyki i jest obecnie w trakcie oceny.\u201d<\/p>\n<p>&nbsp;<\/p>\n<p>Podkre\u015bli\u0142 jego znaczenie:<\/p>\n<p>&nbsp;<\/p>\n<p>\u201eNiezale\u017cnie od wyniku, inwestycja zostanie zrealizowana. To element strategiczny, nie opcjonalny.\u201d<\/p>\n<p>&nbsp;<\/p>\n<p>Doda\u0142 tak\u017ce:<\/p>\n<p>&nbsp;<\/p>\n<p>\u201eWsp\u00f3\u0142pracujemy ju\u017c z AGH i AKF oraz prowadzimy rozmowy z globalnymi firmami technologicznymi.\u201d<\/p>\n<p>&nbsp;<\/p>\n<p>O wsp\u00f3\u0142pracy z Szachtarem Donieck<\/p>\n<p>Shakhtar Donetsk korzystaj\u0105 z Krakowa jako bazy europejskiej, rozgrywaj\u0105c tam mecze UEFA.<\/p>\n<p>&nbsp;<\/p>\n<p>Kr\u00f3lewski powiedzia\u0142:<\/p>\n<p>&nbsp;<\/p>\n<p>\u201eJeste\u015bmy przygotowani. Ten sezon to du\u017cy krok w organizacji wydarze\u0144 mi\u0119dzynarodowych.\u201d<\/p>\n<p>&nbsp;<\/p>\n<p>Doda\u0142:<\/p>\n<p>&nbsp;<\/p>\n<p>\u201eWsp\u00f3\u0142pracujemy z UEFA, policj\u0105 i miastem, aby zapewni\u0107 pe\u0142ne standardy organizacyjne.\u201d<\/p>\n<p>&nbsp;<\/p>\n<p>I podkre\u015bli\u0142:<\/p>\n<p>&nbsp;<\/p>\n<p>\u201eZdobyli\u015bmy ogromne do\u015bwiadczenie podczas mecz\u00f3w europejskich. Wiele tej pracy jest niewidocznych, ale kluczowych.\u201d<\/p>\n<p>&nbsp;<\/p>\n<p>O przysz\u0142o\u015bci wsp\u00f3\u0142pracy<\/p>\n<p>Prezes pozostaje otwarty:<\/p>\n<p>&nbsp;<\/p>\n<p>\u201eJeste\u015bmy otwarci na kontynuacj\u0119 wsp\u00f3\u0142pracy. To korzystne dla wszystkich stron.\u201d<\/p>\n<p>&nbsp;<\/p>\n<p>Jednocze\u015bnie wyrazi\u0142 nadziej\u0119:<\/p>\n<p>&nbsp;<\/p>\n<p>\u201eWszyscy licz\u0105 na zako\u0144czenie wojny i powr\u00f3t Szachtara do Ukrainy. Do tego czasu stadion pozostaje otwarty.\u201d<\/p>\n<p>&nbsp;<\/p>\n<p>O ambicjach europejskich Wis\u0142y<\/p>\n<p>Na zako\u0144czenie Kr\u00f3lewski zachowa\u0142 wywa\u017cony ton:<\/p>\n<p>&nbsp;<\/p>\n<p>\u201eRealnie rzecz bior\u0105c \u2014 szybciej, ni\u017c wielu s\u0105dzi, ale nie tak szybko, jak chcieliby najbardziej emocjonalni kibice.\u201d<\/p>\n<p>&nbsp;<\/p>\n<p>Okre\u015bli\u0142 priorytet:<\/p>\n<p>&nbsp;<\/p>\n<p>\u201eSezon 2026\/2027 to stabilizacja w Ekstraklasie. Najwa\u017cniejsze jest zbudowanie dru\u017cyny, kt\u00f3ra o co\u015b walczy, a nie tylko si\u0119 utrzymuje.\u201d<\/p>\n<p>&nbsp;<\/p>\n<p>I podsumowa\u0142 filozofi\u0119 klubu:<\/p>\n<p>&nbsp;<\/p>\n<p>\u201eKa\u017cdy sezon to tworzenie nowych emocji i trwa\u0142ej warto\u015bci \u2014 sportowej i organizacyjnej.\u201d<\/p>\n<p>&nbsp;<\/p>\n<p>Na koniec ostrzeg\u0142 przed sztywnymi za\u0142o\u017ceniami:<\/p>\n<p>&nbsp;<\/p>\n<p>\u201ePi\u0142ka no\u017cna to dynamiczny system. Plany mog\u0105 zmieni\u0107 si\u0119 szybko \u2014 i by\u0107 mo\u017ce to kto\u015b inny b\u0119dzie budowa\u0142 wielk\u0105 Wis\u0142\u0119 w Ekstraklasie.\u201d<\/p>\n","protected":false},"excerpt":{"rendered":"<div class=\"mh-excerpt\"><p>Wis\u0142a Krak\u00f3w s\u0105 o krok od powrotu do Ekstraklasy, jednak dla prezesa klubu Jaros\u0142aw Kr\u00f3lewski sam awans nie jest celem ko\u0144cowym, lecz dopiero pocz\u0105tkiem znacznie <a class=\"mh-excerpt-more\" href=\"https:\/\/soccer90mins.com\/?p=18522\" title=\"\u201ePo awansie chcemy zbudowa\u0107 dru\u017cyn\u0119, kt\u00f3ra walczy o co\u015b\u201d \u2013 Kr\u00f3lewski przedstawia wizj\u0119 Wis\u0142y Krak\u00f3w z nowym planem dzia\u0142ania\">[&#8230;]<\/a><\/p>\n<\/div>","protected":false},"author":3,"featured_media":18524,"comment_status":"open","ping_status":"open","sticky":false,"template":"","format":"standard","meta":{"_jetpack_memberships_contains_paid_content":false,"footnotes":""},"categories":[1,304],"tags":[],"class_list":["post-18522","post","type-post","status-publish","format-standard","has-post-thumbnail","hentry","category-blog","category-football"],"jetpack_featured_media_url":"https:\/\/soccer90mins.com\/wp-content\/uploads\/2026\/04\/1777332959738.jpg","jetpack_sharing_enabled":true,"_links":{"self":[{"href":"https:\/\/soccer90mins.com\/index.php?rest_route=\/wp\/v2\/posts\/18522","targetHints":{"allow":["GET"]}}],"collection":[{"href":"https:\/\/soccer90mins.com\/index.php?rest_route=\/wp\/v2\/posts"}],"about":[{"href":"https:\/\/soccer90mins.com\/index.php?rest_route=\/wp\/v2\/types\/post"}],"author":[{"embeddable":true,"href":"https:\/\/soccer90mins.com\/index.php?rest_route=\/wp\/v2\/users\/3"}],"replies":[{"embeddable":true,"href":"https:\/\/soccer90mins.com\/index.php?rest_route=%2Fwp%2Fv2%2Fcomments&post=18522"}],"version-history":[{"count":1,"href":"https:\/\/soccer90mins.com\/index.php?rest_route=\/wp\/v2\/posts\/18522\/revisions"}],"predecessor-version":[{"id":18525,"href":"https:\/\/soccer90mins.com\/index.php?rest_route=\/wp\/v2\/posts\/18522\/revisions\/18525"}],"wp:featuredmedia":[{"embeddable":true,"href":"https:\/\/soccer90mins.com\/index.php?rest_route=\/wp\/v2\/media\/18524"}],"wp:attachment":[{"href":"https:\/\/soccer90mins.com\/index.php?rest_route=%2Fwp%2Fv2%2Fmedia&parent=18522"}],"wp:term":[{"taxonomy":"category","embeddable":true,"href":"https:\/\/soccer90mins.com\/index.php?rest_route=%2Fwp%2Fv2%2Fcategories&post=18522"},{"taxonomy":"post_tag","embeddable":true,"href":"https:\/\/soccer90mins.com\/index.php?rest_route=%2Fwp%2Fv2%2Ftags&post=18522"}],"curies":[{"name":"wp","href":"https:\/\/api.w.org\/{rel}","templated":true}]}}