{"id":18546,"date":"2026-04-28T02:01:24","date_gmt":"2026-04-28T02:01:24","guid":{"rendered":"https:\/\/soccer90mins.com\/?p=18546"},"modified":"2026-04-28T02:01:24","modified_gmt":"2026-04-28T02:01:24","slug":"si-necessaire-je-me-retirerai-les-propos-darpinon-revelent-des-defaillances-structurelles-profondes-et-des-erreurs-de-gouvernance","status":"publish","type":"post","link":"https:\/\/soccer90mins.com\/?p=18546","title":{"rendered":"Si n\u00e9cessaire, je me retirerai \u00bb : les propos d\u2019Arpinon r\u00e9v\u00e8lent des d\u00e9faillances structurelles profondes et des erreurs de gouvernance"},"content":{"rendered":"<p>Les difficult\u00e9s du FC Metz en Ligue 1 ont atteint un nouveau point bas apr\u00e8s un mauvais r\u00e9sultat qui a intensifi\u00e9 les interrogations autour du leadership du club et de sa planification \u00e0 long terme.<\/p>\n<p>&nbsp;<\/p>\n<p>&nbsp;<\/p>\n<p>&nbsp;<\/p>\n<p>Ce qui \u00e9tait initialement per\u00e7u comme une p\u00e9riode d\u00e9licate s\u2019est d\u00e9sormais transform\u00e9 en une crise majeure, d\u00e9passant largement le cadre des performances sur le terrain.<\/p>\n<p>&nbsp;<\/p>\n<p>Dans une tentative d\u2019apaiser les tensions, le directeur sportif Fr\u00e9d\u00e9ric Arpinon a livr\u00e9 une analyse pos\u00e9e et r\u00e9fl\u00e9chie de la situation. Cependant, loin de rassurer, ses propos ont involontairement mis en lumi\u00e8re des probl\u00e8mes structurels plus profonds au sein de la gestion sportive du club.<\/p>\n<p>&nbsp;<\/p>\n<p>Arpinon a reconnu que les racines des difficult\u00e9s actuelles de Metz remontent \u00e0 la saison pr\u00e9c\u00e9dente, notamment \u00e0 une mont\u00e9e mal ma\u00eetris\u00e9e et \u00e0 une pr\u00e9paration insuffisante pour le haut niveau. Cet aveu souligne un manque d\u2019anticipation significatif au niveau de la direction, le club semblant avoir abord\u00e9 la Ligue 1 sans les bases n\u00e9cessaires pour rivaliser durablement.<\/p>\n<p>&nbsp;<\/p>\n<p>Fait notable, le directeur sportif a \u00e9vit\u00e9 de bl\u00e2mer l\u2019effectif, pr\u00e9f\u00e9rant prot\u00e9ger les joueurs des critiques. Si cette posture peut favoriser l\u2019unit\u00e9 en interne, elle soul\u00e8ve \u00e9galement des questions en mati\u00e8re de responsabilit\u00e9. En l\u2019absence d\u2019une attribution claire des torts, les d\u00e9faillances op\u00e9rationnelles du club restent floues, laissant planer des doutes sur les mesures correctives \u00e0 venir.<\/p>\n<p>&nbsp;<\/p>\n<p>La strat\u00e9gie envisag\u00e9e\u2014ax\u00e9e sur la promotion des jeunes\u2014fait \u00e9galement d\u00e9bat. Pr\u00e9sent\u00e9e comme un choix fort en faveur de la formation, elle appara\u00eet aussi comme une contrainte dict\u00e9e par des moyens limit\u00e9s et un recrutement peu convaincant. Dans un contexte de lutte pour le maintien, s\u2019appuyer fortement sur l\u2019inexp\u00e9rience constitue un pari risqu\u00e9 et met en \u00e9vidence le manque de solutions imm\u00e9diates.<\/p>\n<p>&nbsp;<\/p>\n<p>Par ailleurs, un d\u00e9calage croissant se dessine entre le discours public du club et la r\u00e9alit\u00e9 des r\u00e9sultats. L\u2019insistance d\u2019Arpinon sur un \u00e9ventuel redressement contraste fortement avec la dynamique n\u00e9gative actuelle, donnant une impression d\u2019optimisme peu \u00e9tay\u00e9 par des actions concr\u00e8tes.<\/p>\n<p>&nbsp;<\/p>\n<p>Les tensions avec les supporters viennent encore compliquer la situation. Les protestations et banderoles critiques traduisent une fracture grandissante entre le club et son environnement. Si Arpinon a reconnu la frustration ambiante, son analyse, \u00e9voquant une r\u00e9action classique aux d\u00e9faites, semble minimiser la profondeur du malaise.<\/p>\n<p>&nbsp;<\/p>\n<p>Enfin, son ouverture \u00e0 un d\u00e9part \u00ab si n\u00e9cessaire \u00bb appara\u00eet comme un signal fort, m\u00ealant sens des responsabilit\u00e9s et forme de r\u00e9signation. Elle sugg\u00e8re une direction consciente de ses limites, mais en difficult\u00e9 pour impulser un v\u00e9ritable changement.<\/p>\n<p>&nbsp;<\/p>\n<p>\u00c0 mesure que la saison avance, le FC Metz ne lutte plus seulement pour son maintien, mais fait face aux cons\u00e9quences d\u2019erreurs strat\u00e9giques accumul\u00e9es. L\u2019enjeu d\u00e9passe d\u00e9sormais les r\u00e9sultats : il s\u2019agit de restaurer une vision claire, une direction coh\u00e9rente et la confiance, tant en interne qu\u2019aupr\u00e8s de ses supporters.<\/p>\n","protected":false},"excerpt":{"rendered":"<div class=\"mh-excerpt\"><p>Les difficult\u00e9s du FC Metz en Ligue 1 ont atteint un nouveau point bas apr\u00e8s un mauvais r\u00e9sultat qui a intensifi\u00e9 les interrogations autour du <a class=\"mh-excerpt-more\" href=\"https:\/\/soccer90mins.com\/?p=18546\" title=\"Si n\u00e9cessaire, je me retirerai \u00bb : les propos d\u2019Arpinon r\u00e9v\u00e8lent des d\u00e9faillances structurelles profondes et des erreurs de gouvernance\">[&#8230;]<\/a><\/p>\n<\/div>","protected":false},"author":3,"featured_media":18547,"comment_status":"open","ping_status":"open","sticky":false,"template":"","format":"standard","meta":{"_jetpack_memberships_contains_paid_content":false,"footnotes":""},"categories":[1,304],"tags":[],"class_list":["post-18546","post","type-post","status-publish","format-standard","has-post-thumbnail","hentry","category-blog","category-football"],"jetpack_featured_media_url":"https:\/\/soccer90mins.com\/wp-content\/uploads\/2026\/04\/images-43-1.webp","jetpack_sharing_enabled":true,"_links":{"self":[{"href":"https:\/\/soccer90mins.com\/index.php?rest_route=\/wp\/v2\/posts\/18546","targetHints":{"allow":["GET"]}}],"collection":[{"href":"https:\/\/soccer90mins.com\/index.php?rest_route=\/wp\/v2\/posts"}],"about":[{"href":"https:\/\/soccer90mins.com\/index.php?rest_route=\/wp\/v2\/types\/post"}],"author":[{"embeddable":true,"href":"https:\/\/soccer90mins.com\/index.php?rest_route=\/wp\/v2\/users\/3"}],"replies":[{"embeddable":true,"href":"https:\/\/soccer90mins.com\/index.php?rest_route=%2Fwp%2Fv2%2Fcomments&post=18546"}],"version-history":[{"count":1,"href":"https:\/\/soccer90mins.com\/index.php?rest_route=\/wp\/v2\/posts\/18546\/revisions"}],"predecessor-version":[{"id":18548,"href":"https:\/\/soccer90mins.com\/index.php?rest_route=\/wp\/v2\/posts\/18546\/revisions\/18548"}],"wp:featuredmedia":[{"embeddable":true,"href":"https:\/\/soccer90mins.com\/index.php?rest_route=\/wp\/v2\/media\/18547"}],"wp:attachment":[{"href":"https:\/\/soccer90mins.com\/index.php?rest_route=%2Fwp%2Fv2%2Fmedia&parent=18546"}],"wp:term":[{"taxonomy":"category","embeddable":true,"href":"https:\/\/soccer90mins.com\/index.php?rest_route=%2Fwp%2Fv2%2Fcategories&post=18546"},{"taxonomy":"post_tag","embeddable":true,"href":"https:\/\/soccer90mins.com\/index.php?rest_route=%2Fwp%2Fv2%2Ftags&post=18546"}],"curies":[{"name":"wp","href":"https:\/\/api.w.org\/{rel}","templated":true}]}}