{"id":18549,"date":"2026-04-28T02:09:45","date_gmt":"2026-04-28T02:09:45","guid":{"rendered":"https:\/\/soccer90mins.com\/?p=18549"},"modified":"2026-04-28T02:09:45","modified_gmt":"2026-04-28T02:09:45","slug":"confirme-le-fc-metz-sassure-le-retour-emouvant-de-louis-mafouta-avant-le-mercato-estival","status":"publish","type":"post","link":"https:\/\/soccer90mins.com\/?p=18549","title":{"rendered":"CONFIRM\u00c9 : Le FC Metz s\u2019assure le retour \u00e9mouvant de Louis Mafouta avant le mercato estival."},"content":{"rendered":"<p>Le FC Metz a officiellement confirm\u00e9 le retour de l\u2019un de ses anciens joueurs, Louis Mafouta, un retour qui s\u2019annonce significatif et symbolique \u00e0 l\u2019approche du mercato estival.<\/p>\n<p>&nbsp;<\/p>\n<p>Le retour de l\u2019attaquant exp\u00e9riment\u00e9 t\u00e9moigne des ambitions du club, qui vise \u00e0 retrouver sa place en Ligue 1.<\/p>\n<p>&nbsp;<\/p>\n<p>&nbsp;<\/p>\n<p>Le pr\u00e9sident du club, Bernard Serin, a jou\u00e9 un r\u00f4le d\u00e9terminant dans la conclusion de cet accord, consid\u00e9rant Mafouta comme un pilier du projet \u00e0 long terme de Metz. Avec l\u2019ambition de monter en Ligue 1, Serin voit le retour de l\u2019attaquant non seulement comme un renforcement tactique, mais aussi comme un nouveau d\u00e9part culturel pour une \u00e9quipe en qu\u00eate d\u2019identit\u00e9 et de leadership.<\/p>\n<p>&nbsp;<\/p>\n<p><strong>Des retrouvailles strat\u00e9giques et \u00e9motionnelles.<\/strong><\/p>\n<p>&nbsp;<\/p>\n<p>Le retour de Mafouta au FC Metz est plus qu\u2019un simple transfert : c\u2019est une r\u00e9union ancr\u00e9e dans une histoire commune. Ayant d\u00e9j\u00e0 port\u00e9 les couleurs grenat, l\u2019international centrafricain conna\u00eet bien l\u2019esprit et les attentes du club. Son exp\u00e9rience et sa maturit\u00e9 devraient jouer un r\u00f4le crucial pour guider une \u00e9quipe relativement jeune \u00e0 travers les exigences d\u2019une saison intense.<\/p>\n<p>&nbsp;<\/p>\n<p>Apr\u00e8s l\u2019annonce de son transfert, Mafouta a exprim\u00e9 son enthousiasme et son attachement \u00e9motionnel \u00e0 ce nouveau club. Il a insist\u00e9 sur sa volont\u00e9 de \u00ab\u00a0jouer avec c\u0153ur\u00a0\u00bb et de tout donner pour le maillot, tout en soulignant son impatience de retrouver l\u2019embl\u00e9matique Stade Saint-Symphorien la saison prochaine.<\/p>\n<p>&nbsp;<\/p>\n<p><strong>Des statistiques impressionnantes annoncent un impact imm\u00e9diat.<\/strong><\/p>\n<p>&nbsp;<\/p>\n<p>Les statistiques de la saison 2025\/26 expliquent pourquoi Metz a fait de sa signature une priorit\u00e9. En 32 matchs de Ligue 2, Mafouta a affich\u00e9 les statistiques suivantes\u00a0:<\/p>\n<p>&nbsp;<\/p>\n<p>Apparitions\u00a0: 31<\/p>\n<p>Buts\u00a0: 13<\/p>\n<p>Passes d\u00e9cisives\u00a0: 3<\/p>\n<p>Participation aux buts\u00a0: 38\u00a0%<\/p>\n<p>Titularisations\u00a0: 94\u00a0%<\/p>\n<p>Temps de jeu\u00a0: 91\u00a0%<\/p>\n<div class=\"115e839eb54f5e2d11328007ab406213\" data-index=\"2\">\n<div id=\"hbagency_space_176144\"><\/div>\n<\/div>\n<p>&nbsp;<\/p>\n<p>Sur le plan disciplinaire, il a fait preuve d\u2019une grande ma\u00eetrise tout au long de la saison, n\u2019\u00e9copant que de quatre cartons jaunes et \u00e9vitant toute expulsion. Ces statistiques t\u00e9moignent non seulement de la r\u00e9gularit\u00e9, mais aussi de la fiabilit\u00e9 qui a cruellement fait d\u00e9faut \u00e0 l\u2019attaque de Metz. Sa capacit\u00e9 \u00e0 mener l\u2019attaque, \u00e0 conserver le ballon et \u00e0 se montrer d\u00e9cisif devant le but devrait rem\u00e9dier aux difficult\u00e9s offensives du club.<\/p>\n<p>&nbsp;<\/p>\n<p><strong>Combler le manque de cr\u00e9ativit\u00e9.<\/strong><\/p>\n<p>&nbsp;<\/p>\n<p>L\u2019un des principaux points faibles de Metz cette saison a \u00e9t\u00e9 son manque d\u2019efficacit\u00e9 dans le dernier tiers du terrain. L\u2019arriv\u00e9e de Mafouta est per\u00e7ue comme une solution directe \u00e0 ce probl\u00e8me. Son physique, ses d\u00e9placements et son sens du but devraient apporter le talent et l\u2019efficacit\u00e9 qui font cruellement d\u00e9faut \u00e0 l\u2019attaque.<\/p>\n<p>&nbsp;<\/p>\n<p>De plus, sa connaissance du football fran\u00e7ais et des exigences de la Ligue 2 lui permettra d\u2019avoir un impact imm\u00e9diat sans p\u00e9riode d\u2019adaptation.<\/p>\n<p>&nbsp;<\/p>\n<p><strong>L\u2019optimisme des supporters.<\/strong><\/p>\n<p>&nbsp;<\/p>\n<p>Les supporters du FC Metz ont accueilli la nouvelle avec un enthousiasme g\u00e9n\u00e9ral. Le retour d\u2019un visage familier a raviv\u00e9 l\u2019optimisme des fans, impatients de voir Mafouta mener l\u2019attaque la saison prochaine. Avec la mont\u00e9e en Ligue 1 \u00e0 port\u00e9e de main, cette signature envoie un message fort : Metz ne se contente pas de se reconstruire, le club se pr\u00e9pare \u00e0 concourir.<\/p>\n<p>&nbsp;<\/p>\n<p><strong>Perspectives d\u2019avenir.<\/strong><\/p>\n<p>&nbsp;<\/p>\n<p>Alors que les pr\u00e9paratifs pour la saison \u00e0 venir d\u00e9butent, tous les regards seront tourn\u00e9s vers l\u2019int\u00e9gration de Mafouta au sein de l\u2019\u00e9quipe et sa capacit\u00e9 \u00e0 mener Metz vers la reconqu\u00eate de la Ligue 1. Si l\u2019on en juge par ses r\u00e9centes performances, les Garnets pourraient bien avoir trouv\u00e9 la pi\u00e8ce manquante du puzzle de la promotion.<\/p>\n<p>&nbsp;<\/p>\n<p>Pour Metz, il s\u2019agit de bien plus qu\u2019un simple transfert : c\u2019est une affirmation d\u2019ambition, d\u2019identit\u00e9 et de conviction quant \u00e0 un retour au sommet du football fran\u00e7ais.<\/p>\n<div class=\"115e839eb54f5e2d11328007ab406213\" data-index=\"3\">\n<div class=\"hb-ad-inpage\">\n<div class=\"hb-ad-inner\"><\/div>\n<\/div>\n<\/div>\n","protected":false},"excerpt":{"rendered":"<div class=\"mh-excerpt\"><p>Le FC Metz a officiellement confirm\u00e9 le retour de l\u2019un de ses anciens joueurs, Louis Mafouta, un retour qui s\u2019annonce significatif et symbolique \u00e0 l\u2019approche <a class=\"mh-excerpt-more\" href=\"https:\/\/soccer90mins.com\/?p=18549\" title=\"CONFIRM\u00c9 : Le FC Metz s\u2019assure le retour \u00e9mouvant de Louis Mafouta avant le mercato estival.\">[&#8230;]<\/a><\/p>\n<\/div>","protected":false},"author":3,"featured_media":18550,"comment_status":"open","ping_status":"open","sticky":false,"template":"","format":"standard","meta":{"_jetpack_memberships_contains_paid_content":false,"footnotes":""},"categories":[1,304],"tags":[],"class_list":["post-18549","post","type-post","status-publish","format-standard","has-post-thumbnail","hentry","category-blog","category-football"],"jetpack_featured_media_url":"https:\/\/soccer90mins.com\/wp-content\/uploads\/2026\/04\/1777341750124.jpg","jetpack_sharing_enabled":true,"_links":{"self":[{"href":"https:\/\/soccer90mins.com\/index.php?rest_route=\/wp\/v2\/posts\/18549","targetHints":{"allow":["GET"]}}],"collection":[{"href":"https:\/\/soccer90mins.com\/index.php?rest_route=\/wp\/v2\/posts"}],"about":[{"href":"https:\/\/soccer90mins.com\/index.php?rest_route=\/wp\/v2\/types\/post"}],"author":[{"embeddable":true,"href":"https:\/\/soccer90mins.com\/index.php?rest_route=\/wp\/v2\/users\/3"}],"replies":[{"embeddable":true,"href":"https:\/\/soccer90mins.com\/index.php?rest_route=%2Fwp%2Fv2%2Fcomments&post=18549"}],"version-history":[{"count":1,"href":"https:\/\/soccer90mins.com\/index.php?rest_route=\/wp\/v2\/posts\/18549\/revisions"}],"predecessor-version":[{"id":18551,"href":"https:\/\/soccer90mins.com\/index.php?rest_route=\/wp\/v2\/posts\/18549\/revisions\/18551"}],"wp:featuredmedia":[{"embeddable":true,"href":"https:\/\/soccer90mins.com\/index.php?rest_route=\/wp\/v2\/media\/18550"}],"wp:attachment":[{"href":"https:\/\/soccer90mins.com\/index.php?rest_route=%2Fwp%2Fv2%2Fmedia&parent=18549"}],"wp:term":[{"taxonomy":"category","embeddable":true,"href":"https:\/\/soccer90mins.com\/index.php?rest_route=%2Fwp%2Fv2%2Fcategories&post=18549"},{"taxonomy":"post_tag","embeddable":true,"href":"https:\/\/soccer90mins.com\/index.php?rest_route=%2Fwp%2Fv2%2Ftags&post=18549"}],"curies":[{"name":"wp","href":"https:\/\/api.w.org\/{rel}","templated":true}]}}