{"id":18674,"date":"2026-05-01T22:40:31","date_gmt":"2026-05-01T22:40:31","guid":{"rendered":"https:\/\/soccer90mins.com\/?p=18674"},"modified":"2026-05-01T22:40:31","modified_gmt":"2026-05-01T22:40:31","slug":"50-lat-temu-trojkolorowi-zdobyli-puchar-polski","status":"publish","type":"post","link":"https:\/\/soccer90mins.com\/?p=18674","title":{"rendered":"50 lat temu Tr\u00f3jkolorowi zdobyli Puchar Polski"},"content":{"rendered":"<p class=\"subtitle\">1 maja 1976 roku pi\u0142karze \u015al\u0105ska wywalczyli pierwszy w dziejach klubu Puchar Polski. W finale tej imprezy na stadionie Legii w Warszawie pokonali 2:0 Stal Mielec. Bramki dla Wojskowych zdobyli Jan Erlich i kapitan dru\u017cyny \u2013 Zygmunt Gar\u0142owski.<\/p>\n<p>&nbsp;<\/p>\n<p>Wroc\u0142awianie, aby wej\u015b\u0107 do fina\u0142u, musieli wcze\u015bniej pokona\u0107 egzotycznego przeciwnika z Piekar \u015al\u0105skich, czyli Or\u0142a Brzeziny, i trzy dru\u017cyny drugoligowe z grupy p\u00f3\u0142nocnej: Ark\u0119 Gdynia, Gwardi\u0119 Koszalin i Stoczniowca Gda\u0144sk. W meczu z Or\u0142em Brzeziny trener W\u0142adys\u0142aw \u017bmuda pozwoli\u0142 zagra\u0107 kilku zawodnikom rezerwowym. Debiut zaliczy\u0142 wtedy Tadeusz Nowakowski. \u015al\u0105sk wygra\u0142 to spotkanie 3:1 po dw\u00f3ch bramkach Janusza Sybisa i jednej Zygmunta Gar\u0142owskiego.<\/p>\n<p>Arka by\u0142a w\u00f3wczas spadkowiczem z ekstraklasy. W pucharowej konfrontacji z WKS-em by\u0142a bez szans. Wojskowi triumfowali pewnie 4:1, a po dwa gole zapisali na swoje konto Tadeusz Paw\u0142owski i Mieczys\u0142aw Olesiak.<\/p>\n<picture><source srcset=\"https:\/\/slask-www-cdn.stellis.one\/imgsize-xxxl\/documents\/7763504\/0\/3.+Kalinowski+w+opa%C5%82ach.jpg\/7fcec29f-1f17-785e-4c94-5776af877815?t=1777577066286\" media=\"(max-width:6000px) and (min-width:2000px)\" \/><source srcset=\"https:\/\/slask-www-cdn.stellis.one\/imgsize-xxl\/documents\/7763504\/0\/3.+Kalinowski+w+opa%C5%82ach.jpg\/7fcec29f-1f17-785e-4c94-5776af877815?t=1777577066286\" media=\"(max-width:2000px) and (min-width:1600px)\" \/><source srcset=\"https:\/\/slask-www-cdn.stellis.one\/imgsize-xl\/documents\/7763504\/0\/3.+Kalinowski+w+opa%C5%82ach.jpg\/7fcec29f-1f17-785e-4c94-5776af877815?t=1777577066286\" media=\"(max-width:1600px) and (min-width:900px)\" \/><source srcset=\"https:\/\/slask-www-cdn.stellis.one\/imgsize-l\/documents\/7763504\/0\/3.+Kalinowski+w+opa%C5%82ach.jpg\/7fcec29f-1f17-785e-4c94-5776af877815?t=1777577066286\" media=\"(max-width:900px) and (min-width:600px)\" \/><source srcset=\"https:\/\/slask-www-cdn.stellis.one\/imgsize-m\/documents\/7763504\/0\/3.+Kalinowski+w+opa%C5%82ach.jpg\/7fcec29f-1f17-785e-4c94-5776af877815?t=1777577066286\" media=\"(max-width:600px) and (min-width:300px)\" \/><source srcset=\"https:\/\/slask-www-cdn.stellis.one\/imgsize-s\/documents\/7763504\/0\/3.+Kalinowski+w+opa%C5%82ach.jpg\/7fcec29f-1f17-785e-4c94-5776af877815?t=1777577066286\" media=\"(max-width:300px) and (min-width:150px)\" \/><source srcset=\"https:\/\/slask-www-cdn.stellis.one\/imgsize-xs\/documents\/7763504\/0\/3.+Kalinowski+w+opa%C5%82ach.jpg\/7fcec29f-1f17-785e-4c94-5776af877815?t=1777577066286\" media=\"(max-width:150px) and (min-width:75px)\" \/><source srcset=\"https:\/\/slask-www-cdn.stellis.one\/imgsize-xxs\/documents\/7763504\/0\/3.+Kalinowski+w+opa%C5%82ach.jpg\/7fcec29f-1f17-785e-4c94-5776af877815?t=1777577066286\" media=\"(max-width:75px)\" \/><img decoding=\"async\" class=\"aligncenter\" src=\"https:\/\/slask-www-cdn.stellis.one\/documents\/7763504\/0\/3.+Kalinowski+w+opa%C5%82ach.jpg\/7fcec29f-1f17-785e-4c94-5776af877815?t=1777577066286\" alt=\"\" \/><\/picture>\nWi\u0119cej problem\u00f3w Wroc\u0142awianie mieli z wyeliminowaniem Gwardii i drugiej dru\u017cyny z Tr\u00f3jmiasta, czyli Stoczniowca, ale w obu spotkaniach ostatecznie byli g\u00f3r\u0105, wykorzystuj\u0105c swoje pierwszoligowe do\u015bwiadczenie. W Koszalinie \u015al\u0105sk zwyci\u0119\u017cy\u0142 1:0, a jedyn\u0105 bramk\u0119 w meczu zdoby\u0142 bezpo\u015brednio z rzutu wolnego kapitan Zygmunt Gar\u0142owski. Ciekawostk\u0105 jest fakt, \u017ce to w\u0142a\u015bnie na tym spotkaniu kibice WKS-u zawarli zgod\u0119 z fanami Lechii Gda\u0144sk. Kilkunastu kibic\u00f3w z Tr\u00f3jmiasta przyjecha\u0142o w\u00f3wczas do Koszalina wspiera\u0107 Wroc\u0142awian. W p\u00f3\u0142finale rozgrywek Tr\u00f3jkolorowi po golach Sybisa i Erlicha pokonali w Gda\u0144sku Stoczniowca 2:1.<\/p>\n<p>Pierwszego maja 1976 roku pi\u0142karze \u015al\u0105ska Wroc\u0142aw po raz pierwszy w historii klubu si\u0119gn\u0119li po Puchar Polski, wygrywaj\u0105c 2:0 w Warszawie ze Stal\u0105 Mielec. Faworytem spotkania fina\u0142owego nie by\u0142 jednak WKS, a jego rywale, kt\u00f3rzy mieli w\u00f3wczas w swoim sk\u0142adzie czo\u0142owych zawodnik\u00f3w reprezentacji Polski: Grzegorza Lat\u0119, Jana Domarskiego i Henryka Kasperczaka.<\/p>\n<picture><source srcset=\"https:\/\/slask-www-cdn.stellis.one\/imgsize-xxxl\/documents\/7763504\/0\/2.+Kasperczak+i+Kara%C5%9B+kontra+Kalinowski.jpg\/a0298d39-66be-5070-4a45-aa49e159e71b?t=1777577079886\" media=\"(max-width:6000px) and (min-width:2000px)\" \/><source srcset=\"https:\/\/slask-www-cdn.stellis.one\/imgsize-xxl\/documents\/7763504\/0\/2.+Kasperczak+i+Kara%C5%9B+kontra+Kalinowski.jpg\/a0298d39-66be-5070-4a45-aa49e159e71b?t=1777577079886\" media=\"(max-width:2000px) and (min-width:1600px)\" \/><source srcset=\"https:\/\/slask-www-cdn.stellis.one\/imgsize-xl\/documents\/7763504\/0\/2.+Kasperczak+i+Kara%C5%9B+kontra+Kalinowski.jpg\/a0298d39-66be-5070-4a45-aa49e159e71b?t=1777577079886\" media=\"(max-width:1600px) and (min-width:900px)\" \/><source srcset=\"https:\/\/slask-www-cdn.stellis.one\/imgsize-l\/documents\/7763504\/0\/2.+Kasperczak+i+Kara%C5%9B+kontra+Kalinowski.jpg\/a0298d39-66be-5070-4a45-aa49e159e71b?t=1777577079886\" media=\"(max-width:900px) and (min-width:600px)\" \/><source srcset=\"https:\/\/slask-www-cdn.stellis.one\/imgsize-m\/documents\/7763504\/0\/2.+Kasperczak+i+Kara%C5%9B+kontra+Kalinowski.jpg\/a0298d39-66be-5070-4a45-aa49e159e71b?t=1777577079886\" media=\"(max-width:600px) and (min-width:300px)\" \/><source srcset=\"https:\/\/slask-www-cdn.stellis.one\/imgsize-s\/documents\/7763504\/0\/2.+Kasperczak+i+Kara%C5%9B+kontra+Kalinowski.jpg\/a0298d39-66be-5070-4a45-aa49e159e71b?t=1777577079886\" media=\"(max-width:300px) and (min-width:150px)\" \/><source srcset=\"https:\/\/slask-www-cdn.stellis.one\/imgsize-xs\/documents\/7763504\/0\/2.+Kasperczak+i+Kara%C5%9B+kontra+Kalinowski.jpg\/a0298d39-66be-5070-4a45-aa49e159e71b?t=1777577079886\" media=\"(max-width:150px) and (min-width:75px)\" \/><source srcset=\"https:\/\/slask-www-cdn.stellis.one\/imgsize-xxs\/documents\/7763504\/0\/2.+Kasperczak+i+Kara%C5%9B+kontra+Kalinowski.jpg\/a0298d39-66be-5070-4a45-aa49e159e71b?t=1777577079886\" media=\"(max-width:75px)\" \/><img decoding=\"async\" class=\"aligncenter\" src=\"https:\/\/slask-www-cdn.stellis.one\/documents\/7763504\/0\/2.+Kasperczak+i+Kara%C5%9B+kontra+Kalinowski.jpg\/a0298d39-66be-5070-4a45-aa49e159e71b?t=1777577079886\" alt=\"\" \/><\/picture>\nPierwsza po\u0142owa nie przynios\u0142a bramek. Mielczanie starali si\u0119 gra\u0107 ofensywnie, lecz tego dnia zar\u00f3wno Kasperczakowi, jak i jego kolegom brakowa\u0142o szybko\u015bci i refleksu. \u015al\u0105sk za\u015b skutecznie broni\u0142 dost\u0119pu do w\u0142asnej bramki, inicjuj\u0105c kontry g\u0142\u00f3wnie za spraw\u0105 Sybisa. Dopiero po zmianie stron Wroc\u0142awianie ruszyli do ataku i uwierzyli, \u017ce mog\u0105 wygra\u0107 z faworyzowanym zespo\u0142em Stali. Na obie zdobyte bramki zapracowa\u0142 Sybis. Pierwsza pad\u0142a po jego do\u015brodkowaniu, kt\u00f3re skutecznie wyko\u0144czy\u0142 Erlich. Z kolei drugi gol to jedenastka podyktowana za faul w\u0142a\u015bnie na Sybisie. Pewnym egzekutorem rzutu karnego by\u0142 Zygmunt Gar\u0142owski.<\/p>\n<p>Pi\u0119kny puchar dosta\u0142 si\u0119 w godne r\u0119ce \u2013 podkre\u015blali po meczu prezes PZPN Jan Maj i trener reprezentacji Polski Kazimierz G\u00f3rski. Kilka tysi\u0119cy wroc\u0142awskich kibic\u00f3w \u015bwi\u0119towa\u0142o w stolicy pierwszy powa\u017cny sukces swojego klubu. Wielu obserwator\u00f3w zwraca\u0142o uwag\u0119, \u017ce na trybunach zdecydowanie dominowali fani \u015al\u0105ska, kt\u00f3rych wed\u0142ug niekt\u00f3rych \u017ar\u00f3de\u0142 mia\u0142o by\u0107 nawet 10 tysi\u0119cy, cho\u0107 ta liczba wydaje si\u0119 zawy\u017cona. Kibic\u00f3w z Mielca by\u0142o niewielu. Warto doda\u0107, \u017ce Wroc\u0142awianie mogli w tym meczu liczy\u0107 na doping fan\u00f3w Legii, kt\u00f3rzy byli wtedy zaprzyja\u017anieni z kibicami naszego klubu.<\/p>\n<picture><source srcset=\"https:\/\/slask-www-cdn.stellis.one\/imgsize-xxxl\/documents\/7763504\/0\/1976+PP+%281%29.jpg\/cad3dffa-804b-1e4f-2eb9-dffc861af16f?t=1777577126994\" media=\"(max-width:6000px) and (min-width:2000px)\" \/><source srcset=\"https:\/\/slask-www-cdn.stellis.one\/imgsize-xxl\/documents\/7763504\/0\/1976+PP+%281%29.jpg\/cad3dffa-804b-1e4f-2eb9-dffc861af16f?t=1777577126994\" media=\"(max-width:2000px) and (min-width:1600px)\" \/><source srcset=\"https:\/\/slask-www-cdn.stellis.one\/imgsize-xl\/documents\/7763504\/0\/1976+PP+%281%29.jpg\/cad3dffa-804b-1e4f-2eb9-dffc861af16f?t=1777577126994\" media=\"(max-width:1600px) and (min-width:900px)\" \/><source srcset=\"https:\/\/slask-www-cdn.stellis.one\/imgsize-l\/documents\/7763504\/0\/1976+PP+%281%29.jpg\/cad3dffa-804b-1e4f-2eb9-dffc861af16f?t=1777577126994\" media=\"(max-width:900px) and (min-width:600px)\" \/><source srcset=\"https:\/\/slask-www-cdn.stellis.one\/imgsize-m\/documents\/7763504\/0\/1976+PP+%281%29.jpg\/cad3dffa-804b-1e4f-2eb9-dffc861af16f?t=1777577126994\" media=\"(max-width:600px) and (min-width:300px)\" \/><source srcset=\"https:\/\/slask-www-cdn.stellis.one\/imgsize-s\/documents\/7763504\/0\/1976+PP+%281%29.jpg\/cad3dffa-804b-1e4f-2eb9-dffc861af16f?t=1777577126994\" media=\"(max-width:300px) and (min-width:150px)\" \/><source srcset=\"https:\/\/slask-www-cdn.stellis.one\/imgsize-xs\/documents\/7763504\/0\/1976+PP+%281%29.jpg\/cad3dffa-804b-1e4f-2eb9-dffc861af16f?t=1777577126994\" media=\"(max-width:150px) and (min-width:75px)\" \/><source srcset=\"https:\/\/slask-www-cdn.stellis.one\/imgsize-xxs\/documents\/7763504\/0\/1976+PP+%281%29.jpg\/cad3dffa-804b-1e4f-2eb9-dffc861af16f?t=1777577126994\" media=\"(max-width:75px)\" \/><img decoding=\"async\" class=\"aligncenter\" src=\"https:\/\/slask-www-cdn.stellis.one\/documents\/7763504\/0\/1976+PP+%281%29.jpg\/cad3dffa-804b-1e4f-2eb9-dffc861af16f?t=1777577126994\" alt=\"\" \/><\/picture>\n\u2013 Mecz ten ogl\u0105da\u0142em pod s\u0142ynn\u0105 \u017bylet\u0105 na Legii wraz z 10 tysi\u0105cami kibic\u00f3w z Wroc\u0142awia. Puchar zdobyli\u015bmy po rewelacyjnej grze idoli miasta: Jasia Sybisa i Zygmunta Gar\u0142owskiego. Pami\u0119tam jak dzi\u015b swoje oczy pe\u0142ne radosnych \u0142ez i dum\u0119, \u017ce jestem kibicem takiego klubu, gdy kapitan \u015al\u0105ska Zyga Gar\u0142owski podszed\u0142 do kibic\u00f3w ze zdobytym pucharem \u2013 wspomina kibic \u015al\u0105ska Roman Gierczak.<\/p>\n<p>Zdobycie Pucharu Polski zapewni\u0142o \u015al\u0105skowi start w europejskich pucharach po raz drugi z rz\u0119du. Wroc\u0142awianie wywalczyli sobie w ten spos\u00f3b przepustk\u0119 do jesiennej edycji Pucharu Zdobywc\u00f3w Puchar\u00f3w.<\/p>\n<picture><source srcset=\"https:\/\/slask-www-cdn.stellis.one\/imgsize-xxxl\/documents\/7763504\/0\/Medale+za+PP.jpg\/3ef12318-1132-bdc1-0f1b-89065b97d8ee?t=1777577110250\" media=\"(max-width:6000px) and (min-width:2000px)\" \/><source srcset=\"https:\/\/slask-www-cdn.stellis.one\/imgsize-xxl\/documents\/7763504\/0\/Medale+za+PP.jpg\/3ef12318-1132-bdc1-0f1b-89065b97d8ee?t=1777577110250\" media=\"(max-width:2000px) and (min-width:1600px)\" \/><source srcset=\"https:\/\/slask-www-cdn.stellis.one\/imgsize-xl\/documents\/7763504\/0\/Medale+za+PP.jpg\/3ef12318-1132-bdc1-0f1b-89065b97d8ee?t=1777577110250\" media=\"(max-width:1600px) and (min-width:900px)\" \/><source srcset=\"https:\/\/slask-www-cdn.stellis.one\/imgsize-l\/documents\/7763504\/0\/Medale+za+PP.jpg\/3ef12318-1132-bdc1-0f1b-89065b97d8ee?t=1777577110250\" media=\"(max-width:900px) and (min-width:600px)\" \/><source srcset=\"https:\/\/slask-www-cdn.stellis.one\/imgsize-m\/documents\/7763504\/0\/Medale+za+PP.jpg\/3ef12318-1132-bdc1-0f1b-89065b97d8ee?t=1777577110250\" media=\"(max-width:600px) and (min-width:300px)\" \/><source srcset=\"https:\/\/slask-www-cdn.stellis.one\/imgsize-s\/documents\/7763504\/0\/Medale+za+PP.jpg\/3ef12318-1132-bdc1-0f1b-89065b97d8ee?t=1777577110250\" media=\"(max-width:300px) and (min-width:150px)\" \/><source srcset=\"https:\/\/slask-www-cdn.stellis.one\/imgsize-xs\/documents\/7763504\/0\/Medale+za+PP.jpg\/3ef12318-1132-bdc1-0f1b-89065b97d8ee?t=1777577110250\" media=\"(max-width:150px) and (min-width:75px)\" \/><source srcset=\"https:\/\/slask-www-cdn.stellis.one\/imgsize-xxs\/documents\/7763504\/0\/Medale+za+PP.jpg\/3ef12318-1132-bdc1-0f1b-89065b97d8ee?t=1777577110250\" media=\"(max-width:75px)\" \/><img decoding=\"async\" class=\"aligncenter\" src=\"https:\/\/slask-www-cdn.stellis.one\/documents\/7763504\/0\/Medale+za+PP.jpg\/3ef12318-1132-bdc1-0f1b-89065b97d8ee?t=1777577110250\" alt=\"\" \/><\/picture>\n<b>Ciekawostki:<\/b><\/p>\n<p>\u2013 Tylko Janusz Sybis i Jan Erlich nie opu\u015bcili ani minuty w pi\u0119ciu meczach Pucharu Polski w sezonie 1975\/76.<\/p>\n<p>\u2013 Tadeusz Nowakowski mo\u017ce zapisa\u0107 sobie zdobycie Pucharu Polski dzi\u0119ki 12 minutom gry w meczu z Or\u0142em Brzeziny \u015al\u0105skie.<\/p>\n<p>\u2013 Dzie\u0144 po sukcesie w Pucharze Polski Zygmunt Kalinowski \u015bwi\u0119towa\u0142 urodziny i imieniny, a kapitan Zygmunt Gar\u0142owski tylko imieniny.<\/p>\n<p>\u2013 Tadeusz Paw\u0142owski jako jedyny nie wr\u00f3ci\u0142 z dru\u017cyn\u0105 do Wroc\u0142awia. Z reprezentacj\u0105 Polski wylecia\u0142 do Aten, gdzie 6 maja zadebiutowa\u0142 w dru\u017cynie narodowej. Bia\u0142o-Czerwoni przegrali z Grecj\u0105 0:1.<\/p>\n<p>\u2013 W\u0142adys\u0142aw \u017bmuda cztery dni po sukcesie pucharowym, 5 maja, przyst\u0105pi\u0142 do egzaminu maturalnego, dlatego te\u017c nie zosta\u0142 powo\u0142any do reprezentacji na mecz z Grecj\u0105.<\/p>\n<p>\u2013 Niestety sze\u015bciu z dwudziestu zdobywc\u00f3w Pucharu Polski w 1976 roku ju\u017c nie \u017cyje. Jan Erlich i Marian Balcerzak zmarli w 1998 roku, kapitan dru\u017cyny Zygmunt Gar\u0142owski w 2007 roku, Henryk Kowalczyk i Jacek Wi\u015bniewski w 2015 roku, Krzysztof Karpi\u0144ski za\u015b w 2021 roku.<\/p>\n<picture><source srcset=\"https:\/\/slask-www-cdn.stellis.one\/imgsize-xxxl\/documents\/7763504\/0\/Proporczyk.jpg\/f7c4c4a7-0cc3-061a-736b-4ccafb89d72b?t=1777577142995\" media=\"(max-width:6000px) and (min-width:2000px)\" \/><source srcset=\"https:\/\/slask-www-cdn.stellis.one\/imgsize-xxl\/documents\/7763504\/0\/Proporczyk.jpg\/f7c4c4a7-0cc3-061a-736b-4ccafb89d72b?t=1777577142995\" media=\"(max-width:2000px) and (min-width:1600px)\" \/><source srcset=\"https:\/\/slask-www-cdn.stellis.one\/imgsize-xl\/documents\/7763504\/0\/Proporczyk.jpg\/f7c4c4a7-0cc3-061a-736b-4ccafb89d72b?t=1777577142995\" media=\"(max-width:1600px) and (min-width:900px)\" \/><source srcset=\"https:\/\/slask-www-cdn.stellis.one\/imgsize-l\/documents\/7763504\/0\/Proporczyk.jpg\/f7c4c4a7-0cc3-061a-736b-4ccafb89d72b?t=1777577142995\" media=\"(max-width:900px) and (min-width:600px)\" \/><source srcset=\"https:\/\/slask-www-cdn.stellis.one\/imgsize-m\/documents\/7763504\/0\/Proporczyk.jpg\/f7c4c4a7-0cc3-061a-736b-4ccafb89d72b?t=1777577142995\" media=\"(max-width:600px) and (min-width:300px)\" \/><source srcset=\"https:\/\/slask-www-cdn.stellis.one\/imgsize-s\/documents\/7763504\/0\/Proporczyk.jpg\/f7c4c4a7-0cc3-061a-736b-4ccafb89d72b?t=1777577142995\" media=\"(max-width:300px) and (min-width:150px)\" \/><source srcset=\"https:\/\/slask-www-cdn.stellis.one\/imgsize-xs\/documents\/7763504\/0\/Proporczyk.jpg\/f7c4c4a7-0cc3-061a-736b-4ccafb89d72b?t=1777577142995\" media=\"(max-width:150px) and (min-width:75px)\" \/><source srcset=\"https:\/\/slask-www-cdn.stellis.one\/imgsize-xxs\/documents\/7763504\/0\/Proporczyk.jpg\/f7c4c4a7-0cc3-061a-736b-4ccafb89d72b?t=1777577142995\" media=\"(max-width:75px)\" \/><img decoding=\"async\" class=\"aligncenter\" src=\"https:\/\/slask-www-cdn.stellis.one\/documents\/7763504\/0\/Proporczyk.jpg\/f7c4c4a7-0cc3-061a-736b-4ccafb89d72b?t=1777577142995\" alt=\"\" \/><\/picture>\n<b>Droga \u015al\u0105ska Wroc\u0142aw do fina\u0142u:<\/b><\/p>\n<p>24.08.1975 \u2013 1\/16 fina\u0142u: Orze\u0142 Bia\u0142y Brzeziny \u015al\u0105skie \u2013 \u015al\u0105sk Wroc\u0142aw 1:3<\/p>\n<p>03.12.1975 \u2013 1\/8 fina\u0142u: Arka Gdynia \u2013 \u015al\u0105sk Wroc\u0142aw 1:4<\/p>\n<p>17.03.1976 \u2013 1\/4 fina\u0142u: Gwardia Koszalin \u2013 \u015al\u0105sk Wroc\u0142aw 0:1<\/p>\n<p>07.04.1976 \u2013 1\/2 fina\u0142u: Stoczniowiec Gda\u0144sk \u2013 \u015al\u0105sk Wroc\u0142aw 1:2<\/p>\n<p>&nbsp;<\/p>\n<p><b>Droga Stali Mielec do fina\u0142u:<\/b><\/p>\n<p>24.08.1975 \u2013 1\/16 fina\u0142u: BKS Stal Bielsko-Bia\u0142a \u2013 Stal Mielec 1:2<\/p>\n<p>04.12.1975 \u2013 1\/8 fina\u0142u: W\u0142\u00f3kniarz \u0141\u00f3d\u017a \u2013 Stal Mielec 0:1 pd.<\/p>\n<p>24.03.1976 \u2013 1\/4 fina\u0142u: Odra Opole \u2013 Stal Mielec 0:1 pd.<\/p>\n<p>07.04.1976 \u2013 1\/2 fina\u0142u: GKS Jastrz\u0119bie \u2013 Stal Mielec 2:3<\/p>\n<p>&nbsp;<\/p>\n<p>01.05.1976, Warszawa, Stadion Wojska Polskiego<\/p>\n<p><b>\u015al\u0105sk Wroc\u0142aw \u2013 Stal Mielec 2:0 (0:0)<\/b><\/p>\n<p><b>Bramki:\u00a0<\/b>Jan<b>\u00a0<\/b>Erlich 49\u2019, Zygmunt Gar\u0142owski 58\u2019 (k)<br \/>\nS\u0119dziowa\u0142: Alojzy Jarguz (Olsztyn), Widz\u00f3w: 15.000<\/p>\n<p><b>\u015al\u0105sk:\u00a0<\/b>Zygmunt Kalinowski \u2013 Krzysztof Karpi\u0144ski, Tadeusz Rachwalski, W\u0142adys\u0142aw \u017bmuda II, Mieczys\u0142aw Kopycki, Tadeusz Wanat (68\u2019 Zdzis\u0142aw Rybotycki, 78\u2019 Henryk Kowalczyk), Zygmunt Gar\u0142owski, Jan Erlich, Tadeusz Paw\u0142owski, Mieczys\u0142aw Olesiak, Janusz Sybis.<b>\u00a0Trener:\u00a0<\/b>W\u0142adys\u0142aw \u017bmuda I<\/p>\n<p><b>Stal<\/b>: Kukla \u2013 Rze\u015bny, Kosi\u0144ski, Oratowski, Per, G\u0105sior (78\u2019 Niemiec), Kasperczak, Hnatio, Lato, Krawczyk (64\u2019 Domarski).<b>\u00a0Trener<\/b>: Edmund Zientara<\/p>\n<div class=\"bottom-content\"><\/div>\n","protected":false},"excerpt":{"rendered":"<div class=\"mh-excerpt\"><p>1 maja 1976 roku pi\u0142karze \u015al\u0105ska wywalczyli pierwszy w dziejach klubu Puchar Polski. W finale tej imprezy na stadionie Legii w Warszawie pokonali 2:0 Stal <a class=\"mh-excerpt-more\" href=\"https:\/\/soccer90mins.com\/?p=18674\" title=\"50 lat temu Tr\u00f3jkolorowi zdobyli Puchar Polski\">[&#8230;]<\/a><\/p>\n<\/div>","protected":false},"author":3,"featured_media":18675,"comment_status":"open","ping_status":"open","sticky":false,"template":"","format":"standard","meta":{"_jetpack_memberships_contains_paid_content":false,"footnotes":""},"categories":[1,304,338],"tags":[348],"class_list":["post-18674","post","type-post","status-publish","format-standard","has-post-thumbnail","hentry","category-blog","category-football","category-wks-slask-wroclaw","tag-wks-slask-wroclaw"],"jetpack_featured_media_url":"https:\/\/soccer90mins.com\/wp-content\/uploads\/2026\/05\/4.-Zdobywcy-Pucharu-Polski-1976-r-Slask-scaled.jpg","jetpack_sharing_enabled":true,"_links":{"self":[{"href":"https:\/\/soccer90mins.com\/index.php?rest_route=\/wp\/v2\/posts\/18674","targetHints":{"allow":["GET"]}}],"collection":[{"href":"https:\/\/soccer90mins.com\/index.php?rest_route=\/wp\/v2\/posts"}],"about":[{"href":"https:\/\/soccer90mins.com\/index.php?rest_route=\/wp\/v2\/types\/post"}],"author":[{"embeddable":true,"href":"https:\/\/soccer90mins.com\/index.php?rest_route=\/wp\/v2\/users\/3"}],"replies":[{"embeddable":true,"href":"https:\/\/soccer90mins.com\/index.php?rest_route=%2Fwp%2Fv2%2Fcomments&post=18674"}],"version-history":[{"count":1,"href":"https:\/\/soccer90mins.com\/index.php?rest_route=\/wp\/v2\/posts\/18674\/revisions"}],"predecessor-version":[{"id":18676,"href":"https:\/\/soccer90mins.com\/index.php?rest_route=\/wp\/v2\/posts\/18674\/revisions\/18676"}],"wp:featuredmedia":[{"embeddable":true,"href":"https:\/\/soccer90mins.com\/index.php?rest_route=\/wp\/v2\/media\/18675"}],"wp:attachment":[{"href":"https:\/\/soccer90mins.com\/index.php?rest_route=%2Fwp%2Fv2%2Fmedia&parent=18674"}],"wp:term":[{"taxonomy":"category","embeddable":true,"href":"https:\/\/soccer90mins.com\/index.php?rest_route=%2Fwp%2Fv2%2Fcategories&post=18674"},{"taxonomy":"post_tag","embeddable":true,"href":"https:\/\/soccer90mins.com\/index.php?rest_route=%2Fwp%2Fv2%2Ftags&post=18674"}],"curies":[{"name":"wp","href":"https:\/\/api.w.org\/{rel}","templated":true}]}}