{"id":18890,"date":"2026-05-03T06:35:23","date_gmt":"2026-05-03T06:35:23","guid":{"rendered":"https:\/\/soccer90mins.com\/?p=18890"},"modified":"2026-05-03T06:36:36","modified_gmt":"2026-05-03T06:36:36","slug":"ante-simundza-zabiera-glos-trener-slaska-wroclaw-ujawnia-ambicje-walki-o-pierwsza-szostke-po-zwyciestwie-nad-gornikiem-leczna","status":"publish","type":"post","link":"https:\/\/soccer90mins.com\/?p=18890","title":{"rendered":"Ante \u0160imund\u017ea zabiera g\u0142os: trener \u015al\u0105ska Wroc\u0142aw ujawnia ambicje walki o pierwsz\u0105 sz\u00f3stk\u0119 po zwyci\u0119stwie nad G\u00f3rnikiem \u0141\u0119czna\u201d"},"content":{"rendered":"<p><em><strong>Ante Simundza na konferencji prasowej po meczu z G\u00f3rnikiem \u0141\u0119czna, skomentowa\u0142 zwyci\u0119stwo swojej dru\u017cyny. Co mia\u0142 do powiedzenia szkoleniowiec Wroc\u0142awian?<\/strong><\/em><\/p>\n<div id=\"intertext1\" class=\"news-content\">\n<p><strong>Ante Simundza:\u00a0<\/strong>Zas\u0142u\u017cyli\u015bmy na zwyci\u0119stwo. Pokazali\u015bmy szacunek do rywali, do siebie i do gry. Jeste\u015bmy na tym poziomie na kt\u00f3rym powinni\u015bmy by\u0107. Strzelili\u015bmy cztery gole, a przeciwnik nie by\u0142 na wystarczaj\u0105cym poziomie.<\/p>\n<p><strong>Czy to by\u0142 najlepszy mecz w ca\u0142ym sezonie?<\/strong><\/p>\n<p>Zagrali\u015bmy du\u017co dobrych spotka\u0144 w tym sezonie, to by\u0142o jedno z nich.<\/p>\n<p><strong>Jak smakuje takie zwyci\u0119stwo? Daje troch\u0119 spokoju po ostatnich rollercoasterach?<\/strong><\/p>\n<p>Mamy sw\u00f3j cel i swoj\u0105 drog\u0119 kt\u00f3r\u0105 pod\u0105\u017camy. Do ka\u017cdego meczu podchodzimy osobno i cieszymy si\u0119 \u017ce si\u0119 uda\u0142o zrealizowa\u0107 plan.<\/p>\n<p><strong>\u015awietnie zagra\u0142 dzisiaj Krzysztof Kurowski, strzeli\u0142 pierwsz\u0105 bramk\u0119 w barwach \u015al\u0105ska, jak pan ocenia jego wyst\u0119p?<\/strong><\/p>\n<p>Kura zagra\u0142 ju\u017c kilka spotka\u0144 na poziomie kt\u00f3ry jest wymagany aby gra\u0107 w pierwszym sk\u0142adzie \u015al\u0105ska. Pracuje bardzo ci\u0119\u017cko i bardzo si\u0119 rozwija. By\u0142 zawodnikiem kt\u00f3rego walory by\u0142o wida\u0107 w defensywie, a dzisiaj pokaza\u0142 te\u017c \u017ce ma du\u017co do zaoferowania w ataku.<\/p>\n<p><img decoding=\"async\" class=\"aligncenter\" src=\"https:\/\/cdn.slask.net\/photos\/2026\/5\/9aea088e-2c72-4c61-b85c-8e9652d18e23?width=900&amp;format=webp\" alt=\"Simundza: Chcieli\u015bmy by\u0107 w pierwszej sz\u00f3stce\" \/><\/p>\n<p><strong>Dzisiaj zamiast Lamine Ba zagra\u0142 Marko Dijakovi\u0107. Spe\u0142ni\u0142 oczekiwania?<\/strong><\/p>\n<p>By\u0142 na bardzo wysokim poziomie tak jak ca\u0142y zesp\u00f3\u0142.<\/p>\n<p><strong>\u015al\u0105sk zapewni\u0142 sobie gr\u0119 w bara\u017cach, ale chyba wszyscy s\u0105 skupieni na bezpo\u015brednim awansie. Pozosta\u0142y trzy kolejki do ko\u0144ca, co \u015al\u0105sk musi w nich zrobi\u0107 \u017ceby uda\u0142o si\u0119 osi\u0105gn\u0105\u0107 cel?<\/strong><\/p>\n<p>Ju\u017c powiedzia\u0142em kilka razy, zmienianie swoich cel\u00f3w w trakcie sezonu nie jest czym\u015b dobrym. Naszym celem by\u0142o zaj\u0119cie miejsca w pierwszej sz\u00f3stce, a teraz im wy\u017cej b\u0119dziemy tym lepiej dla nas.<\/p>\n<p><strong>Czy po tym jak \u015al\u0105sk strzeli\u0142 czwart\u0105 bramk\u0119, nie mia\u0142 pan ochoty szybciej zmieni\u0107 Banaszaka ze wzgl\u0119du na \u017c\u00f3\u0142t\u0105 kartk\u0119 i wielokrotne faule na nim w trakcie meczu?<\/strong><\/p>\n<p>Nie, zas\u0142ugiwa\u0142 na zostanie na boisku swoj\u0105 gr\u0105. Jest bardzo inteligentny i wie jak si\u0119 zachowa\u0107 graj\u0105c z \u017c\u00f3\u0142t\u0105 kartk\u0105.<\/p>\n<\/div>\n<p>&nbsp;<\/p>\n<p>&nbsp;<\/p>\n","protected":false},"excerpt":{"rendered":"<div class=\"mh-excerpt\"><p>Ante Simundza na konferencji prasowej po meczu z G\u00f3rnikiem \u0141\u0119czna, skomentowa\u0142 zwyci\u0119stwo swojej dru\u017cyny. Co mia\u0142 do powiedzenia szkoleniowiec Wroc\u0142awian? Ante Simundza:\u00a0Zas\u0142u\u017cyli\u015bmy na zwyci\u0119stwo. Pokazali\u015bmy <a class=\"mh-excerpt-more\" href=\"https:\/\/soccer90mins.com\/?p=18890\" title=\"Ante \u0160imund\u017ea zabiera g\u0142os: trener \u015al\u0105ska Wroc\u0142aw ujawnia ambicje walki o pierwsz\u0105 sz\u00f3stk\u0119 po zwyci\u0119stwie nad G\u00f3rnikiem \u0141\u0119czna\u201d\">[&#8230;]<\/a><\/p>\n<\/div>","protected":false},"author":3,"featured_media":18891,"comment_status":"open","ping_status":"open","sticky":false,"template":"","format":"standard","meta":{"_jetpack_memberships_contains_paid_content":false,"footnotes":""},"categories":[1,304,338],"tags":[348],"class_list":["post-18890","post","type-post","status-publish","format-standard","has-post-thumbnail","hentry","category-blog","category-football","category-wks-slask-wroclaw","tag-wks-slask-wroclaw"],"jetpack_featured_media_url":"https:\/\/soccer90mins.com\/wp-content\/uploads\/2026\/05\/9aea088e-2c72-4c61-b85c-8e9652d18e23.webp","jetpack_sharing_enabled":true,"_links":{"self":[{"href":"https:\/\/soccer90mins.com\/index.php?rest_route=\/wp\/v2\/posts\/18890","targetHints":{"allow":["GET"]}}],"collection":[{"href":"https:\/\/soccer90mins.com\/index.php?rest_route=\/wp\/v2\/posts"}],"about":[{"href":"https:\/\/soccer90mins.com\/index.php?rest_route=\/wp\/v2\/types\/post"}],"author":[{"embeddable":true,"href":"https:\/\/soccer90mins.com\/index.php?rest_route=\/wp\/v2\/users\/3"}],"replies":[{"embeddable":true,"href":"https:\/\/soccer90mins.com\/index.php?rest_route=%2Fwp%2Fv2%2Fcomments&post=18890"}],"version-history":[{"count":2,"href":"https:\/\/soccer90mins.com\/index.php?rest_route=\/wp\/v2\/posts\/18890\/revisions"}],"predecessor-version":[{"id":18893,"href":"https:\/\/soccer90mins.com\/index.php?rest_route=\/wp\/v2\/posts\/18890\/revisions\/18893"}],"wp:featuredmedia":[{"embeddable":true,"href":"https:\/\/soccer90mins.com\/index.php?rest_route=\/wp\/v2\/media\/18891"}],"wp:attachment":[{"href":"https:\/\/soccer90mins.com\/index.php?rest_route=%2Fwp%2Fv2%2Fmedia&parent=18890"}],"wp:term":[{"taxonomy":"category","embeddable":true,"href":"https:\/\/soccer90mins.com\/index.php?rest_route=%2Fwp%2Fv2%2Fcategories&post=18890"},{"taxonomy":"post_tag","embeddable":true,"href":"https:\/\/soccer90mins.com\/index.php?rest_route=%2Fwp%2Fv2%2Ftags&post=18890"}],"curies":[{"name":"wp","href":"https:\/\/api.w.org\/{rel}","templated":true}]}}