{"id":35785,"date":"2026-09-02T07:55:04","date_gmt":"2026-09-02T07:55:04","guid":{"rendered":"https:\/\/soccer90mins.com\/?p=35785"},"modified":"2026-09-02T07:55:04","modified_gmt":"2026-09-02T07:55:04","slug":"%f0%9f%94%a5-on-juz-jest-w-kielcach-wedlug-przekazanych-informacji-daniel-podence-przebywa-w-polsce-gdzie-przejdzie-dzis-badania-medyczne-w-koronie-kielce-trzyletni-kontrakt-czeka-na-podpis","status":"publish","type":"post","link":"https:\/\/soccer90mins.com\/?p=35785","title":{"rendered":"\ud83d\udd25 ON JU\u017b JEST W KIELCACH! Wed\u0142ug przekazanych informacji Daniel Podence przebywa w Polsce, gdzie przejdzie dzi\u015b badania medyczne w Koronie Kielce. Trzyletni kontrakt czeka na podpis."},"content":{"rendered":"<p>&nbsp;<\/p>\n<p>Daniel Podence przyby\u0142 do Kielc, aby przej\u015b\u0107 dzi\u015b badania medyczne w Koronie Kielce, a d\u0142ugo wyczekiwany transfer wed\u0142ug przekazanych informacji wchodzi w decyduj\u0105c\u0105 faz\u0119.<\/p>\n<p>&nbsp;<\/p>\n<p>Portugalski ofensywny pomocnik pojawi\u0142 si\u0119 w Polsce, poniewa\u017c Korona Kielce przygotowuje si\u0119 do finalizacji jednego z najbardziej ekscytuj\u0105cych transfer\u00f3w tego okna.<\/p>\n<p>&nbsp;<\/p>\n<p>Podence ma dzi\u015b przej\u015b\u0107 badania medyczne, a nast\u0119pnie oczekuje si\u0119, \u017ce podpisze trzyletni kontrakt z polskim klubem.<\/p>\n<p>&nbsp;<\/p>\n<p>Jego przybycie by\u0142oby ogromnym sygna\u0142em ambicji Korony Kielce, kt\u00f3ra chce doda\u0107 do swojego zespo\u0142u wi\u0119cej kreatywno\u015bci, jako\u015bci technicznej i do\u015bwiadczenia w ofensywie.<\/p>\n<p>&nbsp;<\/p>\n<p>Podence jest znany jako niezwykle techniczny i nieprzewidywalny zawodnik ofensywny, kt\u00f3ry mo\u017ce wyst\u0119powa\u0107 na kilku pozycjach w ataku.<\/p>\n<p>&nbsp;<\/p>\n<p>Po jego przybyciu do Kielc mog\u0105 zosta\u0107 wykonane ostatnie kroki zwi\u0105zane z transferem. Badania medyczne s\u0105 kluczow\u0105 procedur\u0105 przed oficjalnym podpisaniem kontraktu.<\/p>\n<p>&nbsp;<\/p>\n<p>Kibice Korony Kielce od dawna czekaj\u0105 na ten transfer, a obecno\u015b\u0107 Podence w Kielcach mo\u017ce wreszcie zako\u0144czy\u0107 d\u0142ug\u0105 sag\u0119 transferow\u0105.<\/p>\n<p>&nbsp;<\/p>\n<p>Je\u015bli Portugalczyk pomy\u015blnie przejdzie badania medyczne, oczekuje si\u0119, \u017ce podpisze trzyletni kontrakt i oficjalnie zostanie zawodnikiem Korony Kielce.<\/p>\n<p>&nbsp;<\/p>\n<p>&nbsp;<\/p>\n","protected":false},"excerpt":{"rendered":"<div class=\"mh-excerpt\"><p>&nbsp; Daniel Podence przyby\u0142 do Kielc, aby przej\u015b\u0107 dzi\u015b badania medyczne w Koronie Kielce, a d\u0142ugo wyczekiwany transfer wed\u0142ug przekazanych informacji wchodzi w decyduj\u0105c\u0105 faz\u0119. <a class=\"mh-excerpt-more\" href=\"https:\/\/soccer90mins.com\/?p=35785\" title=\"\ud83d\udd25 ON JU\u017b JEST W KIELCACH! Wed\u0142ug przekazanych informacji Daniel Podence przebywa w Polsce, gdzie przejdzie dzi\u015b badania medyczne w Koronie Kielce. Trzyletni kontrakt czeka na podpis.\">[&#8230;]<\/a><\/p>\n<\/div>","protected":false},"author":10,"featured_media":35786,"comment_status":"open","ping_status":"open","sticky":false,"template":"","format":"standard","meta":{"_jetpack_newsletter_access":"","_jetpack_dont_email_post_to_subs":false,"_jetpack_newsletter_tier_id":0,"_jetpack_memberships_contains_paywalled_content":false,"_jetpack_feature_clip_id":0,"_jetpack_memberships_contains_paid_content":false,"footnotes":"","jetpack_post_was_ever_published":false},"categories":[304],"tags":[],"class_list":["post-35785","post","type-post","status-publish","format-standard","has-post-thumbnail","hentry","category-football"],"jetpack_sharing_enabled":true,"jetpack_featured_media_url":"https:\/\/soccer90mins.com\/wp-content\/uploads\/2026\/09\/file_000000004d4c81f489bbe2e10212b354_084422.png","_links":{"self":[{"href":"https:\/\/soccer90mins.com\/index.php?rest_route=\/wp\/v2\/posts\/35785","targetHints":{"allow":["GET"]}}],"collection":[{"href":"https:\/\/soccer90mins.com\/index.php?rest_route=\/wp\/v2\/posts"}],"about":[{"href":"https:\/\/soccer90mins.com\/index.php?rest_route=\/wp\/v2\/types\/post"}],"author":[{"embeddable":true,"href":"https:\/\/soccer90mins.com\/index.php?rest_route=\/wp\/v2\/users\/10"}],"replies":[{"embeddable":true,"href":"https:\/\/soccer90mins.com\/index.php?rest_route=%2Fwp%2Fv2%2Fcomments&post=35785"}],"version-history":[{"count":1,"href":"https:\/\/soccer90mins.com\/index.php?rest_route=\/wp\/v2\/posts\/35785\/revisions"}],"predecessor-version":[{"id":35787,"href":"https:\/\/soccer90mins.com\/index.php?rest_route=\/wp\/v2\/posts\/35785\/revisions\/35787"}],"wp:featuredmedia":[{"embeddable":true,"href":"https:\/\/soccer90mins.com\/index.php?rest_route=\/wp\/v2\/media\/35786"}],"wp:attachment":[{"href":"https:\/\/soccer90mins.com\/index.php?rest_route=%2Fwp%2Fv2%2Fmedia&parent=35785"}],"wp:term":[{"taxonomy":"category","embeddable":true,"href":"https:\/\/soccer90mins.com\/index.php?rest_route=%2Fwp%2Fv2%2Fcategories&post=35785"},{"taxonomy":"post_tag","embeddable":true,"href":"https:\/\/soccer90mins.com\/index.php?rest_route=%2Fwp%2Fv2%2Ftags&post=35785"}],"curies":[{"name":"wp","href":"https:\/\/api.w.org\/{rel}","templated":true}]}}