{"id":35847,"date":"2026-09-02T15:46:42","date_gmt":"2026-09-02T15:46:42","guid":{"rendered":"https:\/\/soccer90mins.com\/?p=35847"},"modified":"2026-09-02T15:46:42","modified_gmt":"2026-09-02T15:46:42","slug":"motor-lublin-osiagnal-pelne-porozumienie-z-rc-lens-w-sprawie-transferu-23-letniego-algierianina-yacinea-titraoui-za-pakiet-w-wysokosci-2-milionow-euro-motor-lublin-widzi-w-yacineie-titraoui-teraz","status":"publish","type":"post","link":"https:\/\/soccer90mins.com\/?p=35847","title":{"rendered":"MOTOR LUBLIN OSI\u0104GN\u0104\u0141 PE\u0141NE POROZUMIENIE Z RC LENS W SPRAWIE TRANSFERU 23-LETNIEGO ALGIERIANINA YACINE&#8217;A TITRAOUI ZA PAKIET W WYSOKO\u015aCI 2 MILION\u00d3W EURO, MOTOR LUBLIN WIDZI W YACINE&#8217;IE TITRAOUI TERA\u0179NIEJSZO\u015a\u0106 I PRZYSZ\u0141O\u015a\u0106"},"content":{"rendered":"<p>&nbsp;<\/p>\n<p>Motor Lublin mia\u0142 osi\u0105gn\u0105\u0107 pe\u0142ne porozumienie z RC Lens w sprawie transferu algierskiego pomocnika Yacine&#8217;a Titraoui, w ramach ruchu, kt\u00f3ry mo\u017ce sta\u0107 si\u0119 jednym z najbardziej znacz\u0105cych transfer\u00f3w w historii klubu.<\/p>\n<p>&nbsp;<\/p>\n<p>23-letni pomocnik ma wed\u0142ug doniesie\u0144 przenie\u015b\u0107 si\u0119 do Motoru Lublin po tym, jak polski klub osi\u0105gn\u0105\u0142 porozumienie z RC Lens w sprawie pakietu o warto\u015bci oko\u0142o 2 milion\u00f3w euro.<\/p>\n<p>&nbsp;<\/p>\n<p>Transakcja podkre\u015bla zaufanie, jakim Motor Lublin darzy Titraoui, oraz wa\u017cn\u0105 rol\u0119, jak\u0105 klub widzi dla niego w swoim projekcie.<\/p>\n<p>&nbsp;<\/p>\n<p>Motor Lublin nie traktuje algierskiego pomocnika wy\u0142\u0105cznie jako kr\u00f3tkoterminowego wzmocnienia.<\/p>\n<p>&nbsp;<\/p>\n<p>Wr\u0119cz przeciwnie \u2014 klub widzi Yacine&#8217;a Titraoui jako tera\u017aniejszo\u015b\u0107 i przysz\u0142o\u015b\u0107, wierz\u0105c, \u017ce 23-latek mo\u017ce natychmiast wp\u0142yn\u0105\u0107 na dru\u017cyn\u0119, a jednocze\u015bnie rozwija\u0107 si\u0119 przez kolejne lata.<\/p>\n<p>&nbsp;<\/p>\n<p>Wiek Titraoui jest jednym z g\u0142\u00f3wnych powod\u00f3w zainteresowania Motoru Lublin. Maj\u0105c zaledwie 23 lata, pomocnik ma jeszcze wiele czasu na rozw\u00f3j i ugruntowanie swojej pozycji na najwy\u017cszym poziomie.<\/p>\n<p>&nbsp;<\/p>\n<p>Polski klub wierzy, \u017ce jego sprowadzenie mo\u017ce okaza\u0107 si\u0119 wa\u017cn\u0105 inwestycj\u0105 zar\u00f3wno w tera\u017aniejszo\u015b\u0107, jak i przysz\u0142o\u015b\u0107 zespo\u0142u.<\/p>\n<p>&nbsp;<\/p>\n<p>Porozumienie z RC Lens ma opiewa\u0107 na oko\u0142o 2 miliony euro, co pokazuje, \u017ce Motor Lublin jest gotowy na znacz\u0105c\u0105 inwestycj\u0119 w pomocnika, w kt\u00f3rym klub dostrzega ogromn\u0105 jako\u015b\u0107 i potencja\u0142.<\/p>\n<p>&nbsp;<\/p>\n<p>Dla kibic\u00f3w Motoru Lublin mo\u017cliwe przybycie Titraoui by\u0142oby ogromn\u0105 niespodziank\u0105, a jednocze\u015bnie niezwykle ekscytuj\u0105cym wydarzeniem, podczas gdy klub kontynuuje budow\u0119 silnego sk\u0142adu.<\/p>\n<p>&nbsp;<\/p>\n<p>Algierski pomocnik mo\u017ce wnie\u015b\u0107 do \u015brodka pola dodatkow\u0105 jako\u015b\u0107, energi\u0119 oraz umiej\u0119tno\u015bci techniczne, a jego m\u0142ody wiek daje klubowi mo\u017cliwo\u015b\u0107 dalszego rozwoju zawodnika.<\/p>\n<p>&nbsp;<\/p>\n<p>Motor Lublin widzi w Titraoui pi\u0142karza, kt\u00f3ry mo\u017ce rozwija\u0107 si\u0119 razem z zespo\u0142em i ostatecznie odegra\u0107 kluczow\u0105 rol\u0119 w ambicjach klubu.<\/p>\n<p>&nbsp;<\/p>\n<p>Porozumienie z RC Lens by\u0142oby ogromnym krokiem w kierunku finalizacji transferu. Pozosta\u0142e formalno\u015bci maj\u0105 zdecydowa\u0107, kiedy pomocnik zostanie oficjalnie zaprezentowany.<\/p>\n<p>&nbsp;<\/p>\n<p>Je\u015bli wszystko przebiegnie zgodnie z oczekiwaniami, Titraoui mo\u017ce wkr\u00f3tce za\u0142o\u017cy\u0107 koszulk\u0119 Motoru Lublin i rozpocz\u0105\u0107 nowy rozdzia\u0142 swojej kariery w Polsce.<\/p>\n<p>&nbsp;<\/p>\n<p>Dla Motoru Lublin ten transfer oznacza jednak znacznie wi\u0119cej ni\u017c tylko pozyskanie kolejnego pomocnika.<\/p>\n<p>&nbsp;<\/p>\n<p>Chodzi o sprowadzenie m\u0142odego zawodnika, kt\u00f3ry wed\u0142ug klubu mo\u017ce pom\u00f3c dru\u017cynie ju\u017c teraz, a w przysz\u0142o\u015bci mo\u017ce sta\u0107 si\u0119 jednym z najwa\u017cniejszych pi\u0142karzy d\u0142ugoterminowego projektu.<\/p>\n<p>&nbsp;<\/p>\n<p>\ud83d\udd25 WIELKA WIADOMO\u015a\u0106 DLA MOTORU LUBLIN! \ud83d\udfe1\ud83d\udd34 Yacine Titraoui ma by\u0107 w drodze do Polski po tym, jak Motor Lublin osi\u0105gn\u0105\u0142 pe\u0142ne porozumienie z RC Lens w sprawie pakietu o warto\u015bci 2 milion\u00f3w euro.<\/p>\n<p>&nbsp;<\/p>\n<p>&nbsp;<\/p>\n<p>&nbsp;<\/p>\n","protected":false},"excerpt":{"rendered":"<div class=\"mh-excerpt\"><p>&nbsp; Motor Lublin mia\u0142 osi\u0105gn\u0105\u0107 pe\u0142ne porozumienie z RC Lens w sprawie transferu algierskiego pomocnika Yacine&#8217;a Titraoui, w ramach ruchu, kt\u00f3ry mo\u017ce sta\u0107 si\u0119 jednym <a class=\"mh-excerpt-more\" href=\"https:\/\/soccer90mins.com\/?p=35847\" title=\"MOTOR LUBLIN OSI\u0104GN\u0104\u0141 PE\u0141NE POROZUMIENIE Z RC LENS W SPRAWIE TRANSFERU 23-LETNIEGO ALGIERIANINA YACINE&#8217;A TITRAOUI ZA PAKIET W WYSOKO\u015aCI 2 MILION\u00d3W EURO, MOTOR LUBLIN WIDZI W YACINE&#8217;IE TITRAOUI TERA\u0179NIEJSZO\u015a\u0106 I PRZYSZ\u0141O\u015a\u0106\">[&#8230;]<\/a><\/p>\n<\/div>","protected":false},"author":10,"featured_media":35830,"comment_status":"open","ping_status":"open","sticky":false,"template":"","format":"standard","meta":{"_jetpack_newsletter_access":"","_jetpack_dont_email_post_to_subs":false,"_jetpack_newsletter_tier_id":0,"_jetpack_memberships_contains_paywalled_content":false,"_jetpack_feature_clip_id":0,"_jetpack_memberships_contains_paid_content":false,"footnotes":"","jetpack_post_was_ever_published":false},"categories":[304],"tags":[],"class_list":["post-35847","post","type-post","status-publish","format-standard","has-post-thumbnail","hentry","category-football"],"jetpack_sharing_enabled":true,"jetpack_featured_media_url":"https:\/\/soccer90mins.com\/wp-content\/uploads\/2026\/09\/Screenshot_2026-09-02-15-41-13-688_com.google.android.googlequicksearchbox-edit.jpg","_links":{"self":[{"href":"https:\/\/soccer90mins.com\/index.php?rest_route=\/wp\/v2\/posts\/35847","targetHints":{"allow":["GET"]}}],"collection":[{"href":"https:\/\/soccer90mins.com\/index.php?rest_route=\/wp\/v2\/posts"}],"about":[{"href":"https:\/\/soccer90mins.com\/index.php?rest_route=\/wp\/v2\/types\/post"}],"author":[{"embeddable":true,"href":"https:\/\/soccer90mins.com\/index.php?rest_route=\/wp\/v2\/users\/10"}],"replies":[{"embeddable":true,"href":"https:\/\/soccer90mins.com\/index.php?rest_route=%2Fwp%2Fv2%2Fcomments&post=35847"}],"version-history":[{"count":1,"href":"https:\/\/soccer90mins.com\/index.php?rest_route=\/wp\/v2\/posts\/35847\/revisions"}],"predecessor-version":[{"id":35848,"href":"https:\/\/soccer90mins.com\/index.php?rest_route=\/wp\/v2\/posts\/35847\/revisions\/35848"}],"wp:featuredmedia":[{"embeddable":true,"href":"https:\/\/soccer90mins.com\/index.php?rest_route=\/wp\/v2\/media\/35830"}],"wp:attachment":[{"href":"https:\/\/soccer90mins.com\/index.php?rest_route=%2Fwp%2Fv2%2Fmedia&parent=35847"}],"wp:term":[{"taxonomy":"category","embeddable":true,"href":"https:\/\/soccer90mins.com\/index.php?rest_route=%2Fwp%2Fv2%2Fcategories&post=35847"},{"taxonomy":"post_tag","embeddable":true,"href":"https:\/\/soccer90mins.com\/index.php?rest_route=%2Fwp%2Fv2%2Ftags&post=35847"}],"curies":[{"name":"wp","href":"https:\/\/api.w.org\/{rel}","templated":true}]}}