{"id":35899,"date":"2026-09-03T05:49:40","date_gmt":"2026-09-03T05:49:40","guid":{"rendered":"https:\/\/soccer90mins.com\/?p=35899"},"modified":"2026-09-03T05:49:40","modified_gmt":"2026-09-03T05:49:40","slug":"%f0%9f%9a%a8-breaking-news-%f0%9f%97%9e%ef%b8%8f-kapitan-reprezentacji-szkocji-scott-mctominay-dolacza-do-motoru-lublin-jako-wolny-agent-po-rozwiazaniu-kontraktu-z-napoli-byla-gwiazda-manchesteru-uni","status":"publish","type":"post","link":"https:\/\/soccer90mins.com\/?p=35899","title":{"rendered":"\ud83d\udea8 BREAKING NEWS \ud83d\uddde\ufe0f KAPITAN REPREZENTACJI SZKOCJI SCOTT MCTOMINAY DO\u0141\u0104CZA DO MOTORU LUBLIN JAKO WOLNY AGENT PO ROZWI\u0104ZANIU KONTRAKTU Z NAPOLI, BY\u0141A GWIAZDA MANCHESTERU UNITED POWIEDZIA\u0141A \u201eTAK\u201d MOTOROWI LUBLIN WCZORAJ"},"content":{"rendered":"<p>&nbsp;<\/p>\n<p>&nbsp;<\/p>\n<p>BREAKING NEWS \ud83d\uddde\ufe0f Kapitan reprezentacji Szkocji Scott McTominay mia\u0142 podobno zgodzi\u0107 si\u0119 na transfer do Motoru Lublin jako wolny agent po rozwi\u0105zaniu kontraktu z Napoli.<\/p>\n<p>&nbsp;<\/p>\n<p>By\u0142a gwiazda Manchesteru United mia\u0142aby przenie\u015b\u0107 si\u0119 do Polski po tym, jak wed\u0142ug przekazanych informacji powiedzia\u0142a \u201eTAK\u201d MOTOROWI LUBLIN WCZORAJ.<\/p>\n<p>&nbsp;<\/p>\n<p>Potencjalny transfer by\u0142by jednym z najbardziej sensacyjnych ruch\u00f3w w historii Motoru Lublin.<\/p>\n<p>&nbsp;<\/p>\n<p>McTominay to niezwykle do\u015bwiadczony pomocnik, kt\u00f3ry wyst\u0119powa\u0142 na najwy\u017cszym poziomie europejskiej pi\u0142ki, mi\u0119dzy innymi podczas wieloletniej kariery w Manchesterze United.<\/p>\n<p>&nbsp;<\/p>\n<p>Jego przybycie do Polski wywo\u0142a\u0142oby ogromne zainteresowanie nie tylko w\u015br\u00f3d kibic\u00f3w Motoru Lublin, ale r\u00f3wnie\u017c w ca\u0142ej polskiej pi\u0142ce.<\/p>\n<p>&nbsp;<\/p>\n<p>Motor Lublin widzi podobno w szkockim reprezentancie zawodnika, kt\u00f3ry mo\u017ce wnie\u015b\u0107 do \u015brodka pola do\u015bwiadczenie, przyw\u00f3dztwo, si\u0142\u0119 fizyczn\u0105 i jako\u015b\u0107.<\/p>\n<p>&nbsp;<\/p>\n<p>Fakt, \u017ce McTominay mia\u0142by by\u0107 dost\u0119pny jako wolny agent, czyni\u0142by potencjalny transfer jeszcze bardziej atrakcyjnym dla polskiego klubu.<\/p>\n<p>&nbsp;<\/p>\n<p>Wed\u0142ug przekazanych informacji rozmowy mia\u0142y przebiega\u0107 bardzo szybko, a szkocka gwiazda mia\u0142a wyrazi\u0107 zgod\u0119 na transfer ju\u017c wczoraj.<\/p>\n<p>&nbsp;<\/p>\n<p>Dla kibic\u00f3w Motoru Lublin mo\u017cliwo\u015b\u0107 zobaczenia zawodnika o takim profilu w s\u0142ynnej \u017c\u00f3\u0142to-bia\u0142ej koszulce by\u0142aby czym\u015b niezwyk\u0142ym.<\/p>\n<p>&nbsp;<\/p>\n<p>Jego do\u015bwiadczenie zdobyte w Manchesterze United oraz reprezentacji Szkocji da\u0142oby Motorowi zawodnika przyzwyczajonego do ogromnej presji i mecz\u00f3w na najwy\u017cszym poziomie.<\/p>\n<p>&nbsp;<\/p>\n<p>Jego fizyczno\u015b\u0107 oraz umiej\u0119tno\u015b\u0107 pomagania dru\u017cynie w \u015brodku pola mog\u0142yby r\u00f3wnie\u017c uczyni\u0107 go ogromnym wzmocnieniem zespo\u0142u.<\/p>\n<p>&nbsp;<\/p>\n<p>Motor Lublin mia\u0142by wierzy\u0107, \u017ce McTominay mo\u017ce sta\u0107 si\u0119 jedn\u0105 z centralnych postaci projektu i zapewni\u0107 bezcenne przyw\u00f3dztwo w szatni.<\/p>\n<p>&nbsp;<\/p>\n<p>Potencjalny transfer pokaza\u0142by r\u00f3wnie\u017c ogromne ambicje klubu, kt\u00f3ry chce pozyskiwa\u0107 uznane nazwiska z do\u015bwiadczeniem na najwy\u017cszym poziomie.<\/p>\n<p>&nbsp;<\/p>\n<p>Je\u015bli zg\u0142aszane porozumienie zostanie sfinalizowane, McTominay mo\u017ce sta\u0107 si\u0119 jednym z najbardziej rozpoznawalnych zawodnik\u00f3w w historii Motoru Lublin.<\/p>\n<p>&nbsp;<\/p>\n<p>Najbli\u017csze dni mog\u0105 by\u0107 kluczowe, poniewa\u017c trwaj\u0105 przygotowania do finalizacji wszystkich formalno\u015bci zwi\u0105zanych z potencjalnym transferem.<\/p>\n<p>&nbsp;<\/p>\n<p>\ud83d\udd25 BOMBA W LUBLINIE! \ud83d\udfe1\u26aa Scott McTominay mia\u0142 podobno powiedzie\u0107 \u201eTAK\u201d MOTOROWI LUBLIN, po tym jak zosta\u0142 wolnym agentem po swoim zg\u0142aszanym odej\u015bciu z Napoli.<\/p>\n<p>&nbsp;<\/p>\n<p>By\u0142a gwiazda Manchesteru United mo\u017ce teraz przenie\u015b\u0107 si\u0119 do Polski w ramach jednego z najbardziej sensacyjnych transfer\u00f3w tego okna.<\/p>\n<p>&nbsp;<\/p>\n<p>&nbsp;<\/p>\n","protected":false},"excerpt":{"rendered":"<div class=\"mh-excerpt\"><p>&nbsp; &nbsp; BREAKING NEWS \ud83d\uddde\ufe0f Kapitan reprezentacji Szkocji Scott McTominay mia\u0142 podobno zgodzi\u0107 si\u0119 na transfer do Motoru Lublin jako wolny agent po rozwi\u0105zaniu kontraktu <a class=\"mh-excerpt-more\" href=\"https:\/\/soccer90mins.com\/?p=35899\" title=\"\ud83d\udea8 BREAKING NEWS \ud83d\uddde\ufe0f KAPITAN REPREZENTACJI SZKOCJI SCOTT MCTOMINAY DO\u0141\u0104CZA DO MOTORU LUBLIN JAKO WOLNY AGENT PO ROZWI\u0104ZANIU KONTRAKTU Z NAPOLI, BY\u0141A GWIAZDA MANCHESTERU UNITED POWIEDZIA\u0141A \u201eTAK\u201d MOTOROWI LUBLIN WCZORAJ\">[&#8230;]<\/a><\/p>\n<\/div>","protected":false},"author":10,"featured_media":35900,"comment_status":"open","ping_status":"open","sticky":false,"template":"","format":"standard","meta":{"_jetpack_newsletter_access":"","_jetpack_dont_email_post_to_subs":false,"_jetpack_newsletter_tier_id":0,"_jetpack_memberships_contains_paywalled_content":false,"_jetpack_feature_clip_id":0,"_jetpack_memberships_contains_paid_content":false,"footnotes":"","jetpack_post_was_ever_published":false},"categories":[304],"tags":[],"class_list":["post-35899","post","type-post","status-publish","format-standard","has-post-thumbnail","hentry","category-football"],"jetpack_sharing_enabled":true,"jetpack_featured_media_url":"https:\/\/soccer90mins.com\/wp-content\/uploads\/2026\/09\/images-22.jpeg","_links":{"self":[{"href":"https:\/\/soccer90mins.com\/index.php?rest_route=\/wp\/v2\/posts\/35899","targetHints":{"allow":["GET"]}}],"collection":[{"href":"https:\/\/soccer90mins.com\/index.php?rest_route=\/wp\/v2\/posts"}],"about":[{"href":"https:\/\/soccer90mins.com\/index.php?rest_route=\/wp\/v2\/types\/post"}],"author":[{"embeddable":true,"href":"https:\/\/soccer90mins.com\/index.php?rest_route=\/wp\/v2\/users\/10"}],"replies":[{"embeddable":true,"href":"https:\/\/soccer90mins.com\/index.php?rest_route=%2Fwp%2Fv2%2Fcomments&post=35899"}],"version-history":[{"count":1,"href":"https:\/\/soccer90mins.com\/index.php?rest_route=\/wp\/v2\/posts\/35899\/revisions"}],"predecessor-version":[{"id":35901,"href":"https:\/\/soccer90mins.com\/index.php?rest_route=\/wp\/v2\/posts\/35899\/revisions\/35901"}],"wp:featuredmedia":[{"embeddable":true,"href":"https:\/\/soccer90mins.com\/index.php?rest_route=\/wp\/v2\/media\/35900"}],"wp:attachment":[{"href":"https:\/\/soccer90mins.com\/index.php?rest_route=%2Fwp%2Fv2%2Fmedia&parent=35899"}],"wp:term":[{"taxonomy":"category","embeddable":true,"href":"https:\/\/soccer90mins.com\/index.php?rest_route=%2Fwp%2Fv2%2Fcategories&post=35899"},{"taxonomy":"post_tag","embeddable":true,"href":"https:\/\/soccer90mins.com\/index.php?rest_route=%2Fwp%2Fv2%2Ftags&post=35899"}],"curies":[{"name":"wp","href":"https:\/\/api.w.org\/{rel}","templated":true}]}}