{"id":36012,"date":"2026-09-03T14:01:08","date_gmt":"2026-09-03T14:01:08","guid":{"rendered":"https:\/\/soccer90mins.com\/?p=36012"},"modified":"2026-09-03T14:01:08","modified_gmt":"2026-09-03T14:01:08","slug":"%f0%9f%9a%a8-breaking-news-%f0%9f%97%9e%ef%b8%8f-legenda-realu-madryt-dani-carvajal-obecnie-wolny-agent-jest-o-krok-od-dolaczenia-do-motoru-lublin-na-2-letni-kontrakt-hiszpanski-prawy-obronca-mowi","status":"publish","type":"post","link":"https:\/\/soccer90mins.com\/?p=36012","title":{"rendered":"\ud83d\udea8 BREAKING NEWS \ud83d\uddde\ufe0f LEGENDA REALU MADRYT DANI CARVAJAL, OBECNIE WOLNY AGENT, JEST O KROK OD DO\u0141\u0104CZENIA DO MOTORU LUBLIN NA 2-LETNI KONTRAKT, HISZPA\u0143SKI PRAWY OBRO\u0143CA M\u00d3WI \u201eTAK\u201d MOTOROWI LUBLIN PO BEZPO\u015aREDNICH ROZMOWACH Z W\u0141ADZAMI KLUBU"},"content":{"rendered":"<p>BREAKING NEWS! W Polsce mo\u017ce doj\u015b\u0107 do ogromnej bomby transferowej! Wed\u0142ug przekazanych informacji legenda Realu Madryt Dani Carvajal, kt\u00f3ry obecnie ma by\u0107 wolnym agentem, jest o krok od do\u0142\u0105czenia do Motoru Lublin.<\/p>\n<p>&nbsp;<\/p>\n<p>Hiszpa\u0144ski prawy obro\u0144ca mia\u0142 zaakceptowa\u0107 2-letni kontrakt z polskim klubem po bezpo\u015brednich rozmowach z w\u0142adzami Motoru Lublin.<\/p>\n<p>&nbsp;<\/p>\n<p>Carvajal jest jednym z najbardziej utytu\u0142owanych prawych obro\u0144c\u00f3w swojego pokolenia. Przez wiele lat wyst\u0119powa\u0142 na najwy\u017cszym poziomie w barwach Realu Madryt, zdobywaj\u0105c liczne trofea zar\u00f3wno w Hiszpanii, jak i w Europie.<\/p>\n<p>&nbsp;<\/p>\n<p>Jego do\u015bwiadczenie w Lidze Mistrz\u00f3w, La Liga oraz reprezentacji Hiszpanii by\u0142oby ogromnym atutem dla Motoru Lublin.<\/p>\n<p>&nbsp;<\/p>\n<p>Wed\u0142ug przekazanych informacji rozmowy pomi\u0119dzy Carvajalem a w\u0142adzami klubu mia\u0142y doprowadzi\u0107 do prze\u0142omu. Hiszpan mia\u0142 wyrazi\u0107 zgod\u0119 na przeprowadzk\u0119 do Polski.<\/p>\n<p>&nbsp;<\/p>\n<p>Dla Motoru Lublin taki transfer by\u0142by ogromnym wydarzeniem. Pozyskanie zawodnika o takiej renomie, do\u015bwiadczeniu i jako\u015bci mog\u0142oby natychmiast podnie\u015b\u0107 poziom defensywy zespo\u0142u.<\/p>\n<p>&nbsp;<\/p>\n<p>Carvajal by\u0142by postrzegany nie tylko jako do\u015bwiadczony obro\u0144ca, ale r\u00f3wnie\u017c jako potencjalny lider szatni.<\/p>\n<p>&nbsp;<\/p>\n<p>Jego do\u015bwiadczenie z najwa\u017cniejszych europejskich spotka\u0144 mog\u0142oby pom\u00f3c Motorowi Lublin w walce o coraz wi\u0119ksze cele na krajowym podw\u00f3rku.<\/p>\n<p>&nbsp;<\/p>\n<p>Kibice Motoru Lublin z pewno\u015bci\u0105 z ogromnym zainteresowaniem \u015bledziliby rozw\u00f3j tej sensacyjnej historii.<\/p>\n<p>&nbsp;<\/p>\n<p>Zawodnik, kt\u00f3ry przez lata wyst\u0119powa\u0142 w koszulce Realu Madryt i rywalizowa\u0142 na najwi\u0119kszych europejskich stadionach, mia\u0142by teraz rozpocz\u0105\u0107 zupe\u0142nie nowy rozdzia\u0142 swojej kariery w Polsce.<\/p>\n<p>&nbsp;<\/p>\n<p>Wed\u0142ug przekazanych informacji negocjacje mia\u0142y by\u0107 prowadzone bezpo\u015brednio z w\u0142adzami Motoru Lublin, co mia\u0142o zwi\u0119kszy\u0107 przekonanie klubu, \u017ce transfer mo\u017ce zosta\u0107 sfinalizowany.<\/p>\n<p>&nbsp;<\/p>\n<p>Je\u017celi wszystkie szczeg\u00f3\u0142y zostan\u0105 uzgodnione, a badania medyczne zako\u0144cz\u0105 si\u0119 pomy\u015blnie, Carvajal mo\u017ce wkr\u00f3tce zosta\u0107 oficjalnie przedstawiony jako nowy zawodnik Motoru Lublin.<\/p>\n<p>&nbsp;<\/p>\n<p>Dla klubu z Lublina by\u0142by to bez w\u0105tpienia jeden z najbardziej spektakularnych transfer\u00f3w w jego historii.<\/p>\n<p>&nbsp;<\/p>\n<p>\ud83d\udfe1\u26aa\ud83d\udd35 MOTOR LUBLIN MO\u017bE SPROWADZI\u0106 WIELK\u0104 GWIAZD\u0118 DO POLSKI! Dani Carvajal mia\u0142 wed\u0142ug przekazanych informacji powiedzie\u0107 \u201eTAK\u201d Motorowi Lublin po bezpo\u015brednich rozmowach z w\u0142adzami klubu.<\/p>\n<p>&nbsp;<\/p>\n<p>\ud83d\udd25 TRANSFEROWA BOMBA W LUBLINIE! Legenda Realu Madryt jest wed\u0142ug tych doniesie\u0144 o krok od podpisania 2-letniego kontraktu z Motorem Lublin.<\/p>\n<p>&nbsp;<\/p>\n<p>&nbsp;<\/p>\n","protected":false},"excerpt":{"rendered":"<div class=\"mh-excerpt\"><p>BREAKING NEWS! W Polsce mo\u017ce doj\u015b\u0107 do ogromnej bomby transferowej! Wed\u0142ug przekazanych informacji legenda Realu Madryt Dani Carvajal, kt\u00f3ry obecnie ma by\u0107 wolnym agentem, jest <a class=\"mh-excerpt-more\" href=\"https:\/\/soccer90mins.com\/?p=36012\" title=\"\ud83d\udea8 BREAKING NEWS \ud83d\uddde\ufe0f LEGENDA REALU MADRYT DANI CARVAJAL, OBECNIE WOLNY AGENT, JEST O KROK OD DO\u0141\u0104CZENIA DO MOTORU LUBLIN NA 2-LETNI KONTRAKT, HISZPA\u0143SKI PRAWY OBRO\u0143CA M\u00d3WI \u201eTAK\u201d MOTOROWI LUBLIN PO BEZPO\u015aREDNICH ROZMOWACH Z W\u0141ADZAMI KLUBU\">[&#8230;]<\/a><\/p>\n<\/div>","protected":false},"author":10,"featured_media":36013,"comment_status":"open","ping_status":"open","sticky":false,"template":"","format":"standard","meta":{"_jetpack_newsletter_access":"","_jetpack_dont_email_post_to_subs":false,"_jetpack_newsletter_tier_id":0,"_jetpack_memberships_contains_paywalled_content":false,"_jetpack_feature_clip_id":0,"_jetpack_memberships_contains_paid_content":false,"footnotes":"","jetpack_post_was_ever_published":false},"categories":[304],"tags":[],"class_list":["post-36012","post","type-post","status-publish","format-standard","has-post-thumbnail","hentry","category-football"],"jetpack_sharing_enabled":true,"jetpack_featured_media_url":"https:\/\/soccer90mins.com\/wp-content\/uploads\/2026\/09\/images-26-1.jpeg","_links":{"self":[{"href":"https:\/\/soccer90mins.com\/index.php?rest_route=\/wp\/v2\/posts\/36012","targetHints":{"allow":["GET"]}}],"collection":[{"href":"https:\/\/soccer90mins.com\/index.php?rest_route=\/wp\/v2\/posts"}],"about":[{"href":"https:\/\/soccer90mins.com\/index.php?rest_route=\/wp\/v2\/types\/post"}],"author":[{"embeddable":true,"href":"https:\/\/soccer90mins.com\/index.php?rest_route=\/wp\/v2\/users\/10"}],"replies":[{"embeddable":true,"href":"https:\/\/soccer90mins.com\/index.php?rest_route=%2Fwp%2Fv2%2Fcomments&post=36012"}],"version-history":[{"count":1,"href":"https:\/\/soccer90mins.com\/index.php?rest_route=\/wp\/v2\/posts\/36012\/revisions"}],"predecessor-version":[{"id":36014,"href":"https:\/\/soccer90mins.com\/index.php?rest_route=\/wp\/v2\/posts\/36012\/revisions\/36014"}],"wp:featuredmedia":[{"embeddable":true,"href":"https:\/\/soccer90mins.com\/index.php?rest_route=\/wp\/v2\/media\/36013"}],"wp:attachment":[{"href":"https:\/\/soccer90mins.com\/index.php?rest_route=%2Fwp%2Fv2%2Fmedia&parent=36012"}],"wp:term":[{"taxonomy":"category","embeddable":true,"href":"https:\/\/soccer90mins.com\/index.php?rest_route=%2Fwp%2Fv2%2Fcategories&post=36012"},{"taxonomy":"post_tag","embeddable":true,"href":"https:\/\/soccer90mins.com\/index.php?rest_route=%2Fwp%2Fv2%2Ftags&post=36012"}],"curies":[{"name":"wp","href":"https:\/\/api.w.org\/{rel}","templated":true}]}}