{"id":36017,"date":"2026-09-03T15:03:46","date_gmt":"2026-09-03T15:03:46","guid":{"rendered":"https:\/\/soccer90mins.com\/?p=36017"},"modified":"2026-09-03T15:03:46","modified_gmt":"2026-09-03T15:03:46","slug":"%f0%9f%9a%a8-breaking-news-%f0%9f%97%9e%ef%b8%8f-la-legende-du-real-madrid-dani-carvajal-actuellement-agent-libre-est-sur-le-point-de-rejoindre-las-monaco-pour-un-contrat-de-2-ans-le-later","status":"publish","type":"post","link":"https:\/\/soccer90mins.com\/?p=36017","title":{"rendered":"\ud83d\udea8 BREAKING NEWS \ud83d\uddde\ufe0f LA L\u00c9GENDE DU REAL MADRID DANI CARVAJAL, ACTUELLEMENT AGENT LIBRE, EST SUR LE POINT DE REJOINDRE L\u2019AS MONACO POUR UN CONTRAT DE 2 ANS, LE LAT\u00c9RAL DROIT ESPAGNOL DIT \u00ab OUI \u00bb \u00c0 L\u2019AS MONACO APR\u00c8S DES DISCUSSIONS DIRECTES AVEC LA DIRECTION DU CLUB"},"content":{"rendered":"<p>BREAKING NEWS ! Un \u00e9norme coup pourrait se pr\u00e9parer en France, puisque la l\u00e9gende du Real Madrid Dani Carvajal, actuellement agent libre selon les informations fournies, serait sur le point de rejoindre l\u2019AS Monaco.<\/p>\n<p>&nbsp;<\/p>\n<p>Le lat\u00e9ral droit espagnol aurait accept\u00e9 un contrat de deux ans avec le club mon\u00e9gasque apr\u00e8s des discussions directes avec la direction de l\u2019AS Monaco.<\/p>\n<p>&nbsp;<\/p>\n<p>Carvajal est consid\u00e9r\u00e9 comme l\u2019un des lat\u00e9raux droits les plus titr\u00e9s de sa g\u00e9n\u00e9ration. L\u2019Espagnol a \u00e9volu\u00e9 pendant de nombreuses ann\u00e9es au plus haut niveau avec le Real Madrid, remportant de nombreux troph\u00e9es en Espagne et en Europe.<\/p>\n<p>&nbsp;<\/p>\n<p>Son immense exp\u00e9rience en Ligue des champions, en Liga et avec l\u2019\u00e9quipe nationale espagnole pourrait repr\u00e9senter un atout majeur pour l\u2019AS Monaco.<\/p>\n<p>&nbsp;<\/p>\n<p>Selon les informations fournies, les discussions entre Carvajal et les dirigeants mon\u00e9gasques auraient permis de franchir une \u00e9tape importante. Le d\u00e9fenseur aurait donn\u00e9 son accord pour un nouveau chapitre de sa carri\u00e8re en France.<\/p>\n<p>&nbsp;<\/p>\n<p>Pour l\u2019AS Monaco, une telle arriv\u00e9e serait un \u00e9v\u00e9nement consid\u00e9rable. Recruter un joueur poss\u00e9dant l\u2019exp\u00e9rience et le palmar\u00e8s de Carvajal pourrait imm\u00e9diatement apporter davantage de qualit\u00e9, de leadership et d\u2019exp\u00e9rience \u00e0 la d\u00e9fense mon\u00e9gasque.<\/p>\n<p>&nbsp;<\/p>\n<p>Carvajal ne serait pas seulement consid\u00e9r\u00e9 comme un d\u00e9fenseur exp\u00e9riment\u00e9, mais \u00e9galement comme un potentiel leader dans le vestiaire.<\/p>\n<p>&nbsp;<\/p>\n<p>Son exp\u00e9rience des grands rendez-vous europ\u00e9ens pourrait aider l\u2019AS Monaco \u00e0 viser encore plus haut sur la sc\u00e8ne nationale et europ\u00e9enne.<\/p>\n<p>&nbsp;<\/p>\n<p>Les supporters mon\u00e9gasques suivraient certainement cette histoire avec \u00e9norm\u00e9ment d\u2019attention.<\/p>\n<p>&nbsp;<\/p>\n<p>Un joueur qui a port\u00e9 pendant des ann\u00e9es le maillot du Real Madrid et qui a \u00e9volu\u00e9 sur les plus grandes sc\u00e8nes du football europ\u00e9en pourrait d\u00e9sormais ouvrir un nouveau chapitre de sa carri\u00e8re en France.<\/p>\n<p>&nbsp;<\/p>\n<p>Les n\u00e9gociations auraient \u00e9t\u00e9 men\u00e9es directement avec la direction de l\u2019AS Monaco, ce qui aurait renforc\u00e9 la confiance du club quant \u00e0 la possibilit\u00e9 de finaliser l\u2019op\u00e9ration.<\/p>\n<p>&nbsp;<\/p>\n<p>Si tous les derniers d\u00e9tails sont r\u00e9gl\u00e9s et que Carvajal r\u00e9ussit sa visite m\u00e9dicale, il pourrait bient\u00f4t \u00eatre officiellement pr\u00e9sent\u00e9 comme nouveau joueur de l\u2019AS Monaco.<\/p>\n<p>&nbsp;<\/p>\n<p>Pour le club de la Principaut\u00e9, ce serait sans aucun doute l\u2019un des transferts les plus retentissants de ces derni\u00e8res ann\u00e9es.<\/p>\n<p>&nbsp;<\/p>\n<p>\ud83d\udd34\u26aa L\u2019AS MONACO POURRAIT ATTIRER UNE IMMENSE STAR EN FRANCE ! Dani Carvajal aurait, selon les informations fournies, dit \u00ab OUI \u00bb \u00e0 l\u2019AS Monaco apr\u00e8s des discussions directes avec la direction du club.<\/p>\n<p>&nbsp;<\/p>\n<p>\ud83d\udd25 BOMBE TRANSFERT \u00c0 MONACO ! La l\u00e9gende du Real Madrid serait, selon ces informations, sur le point de signer un contrat de deux ans avec l\u2019AS Monaco.<\/p>\n<p>&nbsp;<\/p>\n<p>&nbsp;<\/p>\n","protected":false},"excerpt":{"rendered":"<div class=\"mh-excerpt\"><p>BREAKING NEWS ! Un \u00e9norme coup pourrait se pr\u00e9parer en France, puisque la l\u00e9gende du Real Madrid Dani Carvajal, actuellement agent libre selon les informations <a class=\"mh-excerpt-more\" href=\"https:\/\/soccer90mins.com\/?p=36017\" title=\"\ud83d\udea8 BREAKING NEWS \ud83d\uddde\ufe0f LA L\u00c9GENDE DU REAL MADRID DANI CARVAJAL, ACTUELLEMENT AGENT LIBRE, EST SUR LE POINT DE REJOINDRE L\u2019AS MONACO POUR UN CONTRAT DE 2 ANS, LE LAT\u00c9RAL DROIT ESPAGNOL DIT \u00ab OUI \u00bb \u00c0 L\u2019AS MONACO APR\u00c8S DES DISCUSSIONS DIRECTES AVEC LA DIRECTION DU CLUB\">[&#8230;]<\/a><\/p>\n<\/div>","protected":false},"author":10,"featured_media":36018,"comment_status":"open","ping_status":"open","sticky":false,"template":"","format":"standard","meta":{"_jetpack_newsletter_access":"","_jetpack_dont_email_post_to_subs":false,"_jetpack_newsletter_tier_id":0,"_jetpack_memberships_contains_paywalled_content":false,"_jetpack_feature_clip_id":0,"_jetpack_memberships_contains_paid_content":false,"footnotes":"","jetpack_post_was_ever_published":false},"categories":[304],"tags":[],"class_list":["post-36017","post","type-post","status-publish","format-standard","has-post-thumbnail","hentry","category-football"],"jetpack_sharing_enabled":true,"jetpack_featured_media_url":"https:\/\/soccer90mins.com\/wp-content\/uploads\/2026\/09\/images-25.jpeg","_links":{"self":[{"href":"https:\/\/soccer90mins.com\/index.php?rest_route=\/wp\/v2\/posts\/36017","targetHints":{"allow":["GET"]}}],"collection":[{"href":"https:\/\/soccer90mins.com\/index.php?rest_route=\/wp\/v2\/posts"}],"about":[{"href":"https:\/\/soccer90mins.com\/index.php?rest_route=\/wp\/v2\/types\/post"}],"author":[{"embeddable":true,"href":"https:\/\/soccer90mins.com\/index.php?rest_route=\/wp\/v2\/users\/10"}],"replies":[{"embeddable":true,"href":"https:\/\/soccer90mins.com\/index.php?rest_route=%2Fwp%2Fv2%2Fcomments&post=36017"}],"version-history":[{"count":1,"href":"https:\/\/soccer90mins.com\/index.php?rest_route=\/wp\/v2\/posts\/36017\/revisions"}],"predecessor-version":[{"id":36019,"href":"https:\/\/soccer90mins.com\/index.php?rest_route=\/wp\/v2\/posts\/36017\/revisions\/36019"}],"wp:featuredmedia":[{"embeddable":true,"href":"https:\/\/soccer90mins.com\/index.php?rest_route=\/wp\/v2\/media\/36018"}],"wp:attachment":[{"href":"https:\/\/soccer90mins.com\/index.php?rest_route=%2Fwp%2Fv2%2Fmedia&parent=36017"}],"wp:term":[{"taxonomy":"category","embeddable":true,"href":"https:\/\/soccer90mins.com\/index.php?rest_route=%2Fwp%2Fv2%2Fcategories&post=36017"},{"taxonomy":"post_tag","embeddable":true,"href":"https:\/\/soccer90mins.com\/index.php?rest_route=%2Fwp%2Fv2%2Ftags&post=36017"}],"curies":[{"name":"wp","href":"https:\/\/api.w.org\/{rel}","templated":true}]}}