{"id":36048,"date":"2026-09-03T19:56:13","date_gmt":"2026-09-03T19:56:13","guid":{"rendered":"https:\/\/soccer90mins.com\/?p=36048"},"modified":"2026-09-03T19:56:13","modified_gmt":"2026-09-03T19:56:13","slug":"lista-3-zawodnikow-ktorych-mariusz-misiura-przedstawil-wladzom-motoru-lublin-i-ktorych-klub-musi-pozyskac-tego-lata-jesli-motor-lublin-chce-walczyc-w-tym-sezonie","status":"publish","type":"post","link":"https:\/\/soccer90mins.com\/?p=36048","title":{"rendered":"LISTA 3 ZAWODNIK\u00d3W, KT\u00d3RYCH MARIUSZ MISIURA PRZEDSTAWI\u0141 W\u0141ADZOM MOTORU LUBLIN I KT\u00d3RYCH KLUB MUSI POZYSKA\u0106 TEGO LATA, JE\u015aLI MOTOR LUBLIN CHCE WALCZY\u0106 W TYM SEZONIE"},"content":{"rendered":"<p>&nbsp;<\/p>\n<p>BREAKING NEWS! Wed\u0142ug przekazanych informacji Mariusz Misiura mia\u0142 przedstawi\u0107 w\u0142adzom Motoru Lublin list\u0119 trzech zawodnik\u00f3w. Trener mia\u0142 jasno zakomunikowa\u0107, \u017ce chce, aby klub by\u0142 ambitny na rynku transferowym tego lata.<\/p>\n<p>&nbsp;<\/p>\n<p>Wed\u0142ug tych informacji Misiura uwa\u017ca, \u017ce Motor Lublin potrzebuje dodatkowej jako\u015bci, do\u015bwiadczenia i charakteru, aby powa\u017cnie rywalizowa\u0107 w tym sezonie.<\/p>\n<p>&nbsp;<\/p>\n<p>Szkoleniowiec ma by\u0107 zdeterminowany, aby wzmocni\u0107 kadr\u0119 przed zamkni\u0119ciem okna transferowego, a trzy konkretne nazwiska maj\u0105 znajdowa\u0107 si\u0119 w\u015br\u00f3d jego priorytet\u00f3w.<\/p>\n<p>&nbsp;<\/p>\n<p>Na li\u015bcie maj\u0105 znajdowa\u0107 si\u0119 Georginio Wijnaldum, Patryk Paryzek oraz Dani Carvajal.<\/p>\n<p>&nbsp;<\/p>\n<p>Ka\u017cdy z tych zawodnik\u00f3w ma zupe\u0142nie inny profil, jednak wed\u0142ug przekazanych informacji Misiura uwa\u017ca, \u017ce ca\u0142a tr\u00f3jka mog\u0142aby znacz\u0105co podnie\u015b\u0107 poziom zespo\u0142u.<\/p>\n<p>&nbsp;<\/p>\n<p>Pierwszym nazwiskiem na li\u015bcie jest Georginio Wijnaldum, do\u015bwiadczony holenderski pomocnik, kt\u00f3ry wyst\u0119powa\u0142 na najwy\u017cszym poziomie europejskiej pi\u0142ki.<\/p>\n<p>&nbsp;<\/p>\n<p>Do\u015bwiadczenie Wijnalduma mog\u0142oby da\u0107 Motorowi Lublin dodatkow\u0105 jako\u015b\u0107 w \u015brodku pola, szczeg\u00f3lnie w meczach wymagaj\u0105cych spokoju, kontroli i przyw\u00f3dztwa.<\/p>\n<p>&nbsp;<\/p>\n<p>By\u0142y pomocnik Liverpoolu przez swoj\u0105 karier\u0119 wyst\u0119powa\u0142 w najwa\u017cniejszych europejskich rozgrywkach i bra\u0142 udzia\u0142 w spotkaniach rozgrywanych pod ogromn\u0105 presj\u0105.<\/p>\n<p>&nbsp;<\/p>\n<p>Wed\u0142ug przekazanych informacji w\u0142a\u015bnie takie do\u015bwiadczenie mo\u017ce by\u0107 szczeg\u00f3lnie cenne dla Motoru Lublin.<\/p>\n<p>&nbsp;<\/p>\n<p>Drugim nazwiskiem jest Patryk Paryzek, m\u0142ody polski talent ofensywny.<\/p>\n<p>&nbsp;<\/p>\n<p>Paryzek reprezentowa\u0142by zupe\u0142nie inny rodzaj transferu, z potencja\u0142em, aby w kolejnych sezonach sta\u0107 si\u0119 wa\u017cnym zawodnikiem Motoru Lublin.<\/p>\n<p>&nbsp;<\/p>\n<p>Wed\u0142ug informacji Misiura chce, aby Motor Lublin po\u0142\u0105czy\u0142 do\u015bwiadczenie z m\u0142odo\u015bci\u0105, pozyskuj\u0105c zawodnik\u00f3w, kt\u00f3rzy mog\u0105 si\u0119 rozwija\u0107 i jednocze\u015bnie pomaga\u0107 dru\u017cynie.<\/p>\n<p>&nbsp;<\/p>\n<p>Obecno\u015b\u0107 Paryzka na tej li\u015bcie mia\u0142aby wi\u0119c pokazywa\u0107, \u017ce trener my\u015bli nie tylko o natychmiastowych wynikach, ale r\u00f3wnie\u017c o przysz\u0142o\u015bci klubu.<\/p>\n<p>&nbsp;<\/p>\n<p>Trzecim i by\u0107 mo\u017ce najbardziej sensacyjnym nazwiskiem jest Dani Carvajal.<\/p>\n<p>&nbsp;<\/p>\n<p>Hiszpa\u0144ski obro\u0144ca jest legendarn\u0105 postaci\u0105 Realu Madryt i przez wiele lat wyst\u0119powa\u0142 na najwy\u017cszym poziomie europejskiego futbolu.<\/p>\n<p>&nbsp;<\/p>\n<p>Jego do\u015bwiadczenie, mentalno\u015b\u0107 oraz cechy przyw\u00f3dcze by\u0142yby ogromnym wzmocnieniem dla ka\u017cdego zespo\u0142u.<\/p>\n<p>&nbsp;<\/p>\n<p>Dla Motoru Lublin jego potencjalne przybycie by\u0142oby wyj\u0105tkowym sygna\u0142em ambicji.<\/p>\n<p>&nbsp;<\/p>\n<p>Zawodnik z do\u015bwiadczeniem Carvajala m\u00f3g\u0142by r\u00f3wnie\u017c pom\u00f3c m\u0142odszym pi\u0142karzom zrozumie\u0107, czego potrzeba, aby rywalizowa\u0107 na najwi\u0119kszej scenie.<\/p>\n<p>&nbsp;<\/p>\n<p>Wed\u0142ug przekazanych informacji Misiura uwa\u017ca, \u017ce Motor Lublin potrzebuje zawodnik\u00f3w potrafi\u0105cych radzi\u0107 sobie z presj\u0105 i podnosz\u0105cych standardy w szatni.<\/p>\n<p>&nbsp;<\/p>\n<p>W\u0142a\u015bnie dlatego te trzy potencjalne cele transferowe wzbudzaj\u0105 tak du\u017ce zainteresowanie.<\/p>\n<p>&nbsp;<\/p>\n<p>Wijnaldum daje do\u015bwiadczenie i jako\u015b\u0107 w \u015brodku pola.<\/p>\n<p>&nbsp;<\/p>\n<p>Paryzek daje m\u0142odo\u015b\u0107 i ogromny potencja\u0142.<\/p>\n<p>&nbsp;<\/p>\n<p>Carvajal daje do\u015bwiadczenie z najwy\u017cszego poziomu oraz przyw\u00f3dztwo.<\/p>\n<p>&nbsp;<\/p>\n<p>Razem ta tr\u00f3jka mog\u0142aby zapewni\u0107 Motorowi Lublin niezwykle interesuj\u0105ce po\u0142\u0105czenie r\u00f3\u017cnych atut\u00f3w.<\/p>\n<p>&nbsp;<\/p>\n<p>Wed\u0142ug przekazanych informacji przes\u0142anie Misiury do w\u0142adz klubu jest proste: je\u015bli Motor Lublin chce walczy\u0107 w tym sezonie, musi wzmocni\u0107 swoj\u0105 kadr\u0119.<\/p>\n<p>&nbsp;<\/p>\n<p>Trener nie chce podobno rozpoczyna\u0107 sezonu bez sprowadzenia wa\u017cnych nowych zawodnik\u00f3w.<\/p>\n<p>&nbsp;<\/p>\n<p>Kibice Motoru Lublin maj\u0105 wysokie oczekiwania, a presja zwi\u0105zana z rywalizacj\u0105 na najwy\u017cszym poziomie jest ogromna.<\/p>\n<p>&nbsp;<\/p>\n<p>Dlatego letnie okno transferowe mo\u017ce mie\u0107 dla klubu szczeg\u00f3lne znaczenie.<\/p>\n<p>&nbsp;<\/p>\n<p>W\u0142adze Motoru Lublin mog\u0105 teraz stan\u0105\u0107 przed trudnym zadaniem przekszta\u0142cenia rekomendacji Misiury w konkretne negocjacje.<\/p>\n<p>&nbsp;<\/p>\n<p>Transfery zawodnik\u00f3w z mi\u0119dzynarodowym do\u015bwiadczeniem mog\u0105 by\u0107 bardzo skomplikowane. Wymagania finansowe, warunki kontrakt\u00f3w oraz konkurencja ze strony innych klub\u00f3w mog\u0105 okaza\u0107 si\u0119 powa\u017cnymi przeszkodami.<\/p>\n<p>&nbsp;<\/p>\n<p>Mimo to sama potencjalna lista ju\u017c teraz wzbudza ogromne emocje.<\/p>\n<p>&nbsp;<\/p>\n<p>Wyobra\u017cenie Wijnalduma, Paryzka lub Carvajala w s\u0142ynnych barwach Motoru Lublin z pewno\u015bci\u0105 przyci\u0105gn\u0119\u0142oby ogromn\u0105 uwag\u0119.<\/p>\n<p>&nbsp;<\/p>\n<p>Dla Misiury najwa\u017cniejsze ma by\u0107 jednak zbudowanie zespo\u0142u zdolnego do rywalizacji, a nie samo sprowadzanie znanych nazwisk.<\/p>\n<p>&nbsp;<\/p>\n<p>Najbli\u017csze tygodnie mog\u0105 by\u0107 kluczowe.<\/p>\n<p>&nbsp;<\/p>\n<p>Je\u017celi w\u0142adze klubu zdecyduj\u0105 si\u0119 pod\u0105\u017cy\u0107 za rekomendacjami Misiury, Motor Lublin mo\u017ce wykona\u0107 kilka bardzo ambitnych ruch\u00f3w przed zamkni\u0119ciem okna transferowego.<\/p>\n<p>&nbsp;<\/p>\n<p>Kibice b\u0119d\u0105 teraz uwa\u017cnie obserwowa\u0107, czy kt\u00f3rekolwiek z tych trzech nazwisk stanie si\u0119 rzeczywistym celem transferowym.<\/p>\n<p>&nbsp;<\/p>\n<p>\ud83d\udfe1\ud83d\udd34 TRZECH ZAWODNIK\u00d3W. JEDEN CEL. MOTOR LUBLIN MUSI WALCZY\u0106.<\/p>\n<p>&nbsp;<\/p>\n<p>Georginio Wijnaldum.<\/p>\n<p>&nbsp;<\/p>\n<p>Patryk Paryzek.<\/p>\n<p>&nbsp;<\/p>\n<p>Dani Carvajal.<\/p>\n<p>&nbsp;<\/p>\n<p>Trzech zupe\u0142nie r\u00f3\u017cnych zawodnik\u00f3w, ale wed\u0142ug przekazanych informacji wszyscy maj\u0105 by\u0107 postrzegani jako potencjalne rozwi\u0105zania, kt\u00f3re mog\u0142yby wzmocni\u0107 Motor Lublin.<\/p>\n<p>&nbsp;<\/p>\n<p>\ud83d\udd25 NAJWI\u0118KSZE PYTANIE TERAZ: CZY W\u0141ADZE MOTORU LUBLIN POS\u0141UCHAJ\u0104 MARIUSZA MISIURY I ZREALIZUJ\u0104 TRANSFERY, KT\u00d3RYCH TRENER CHCE TEGO LATA?<\/p>\n<p>&nbsp;<\/p>\n<p>Je\u015bli cho\u0107 jeden z tych potencjalnych transfer\u00f3w zostanie zrealizowany, mo\u017ce to by\u0107 ogromny sygna\u0142 ambicji ze strony Motoru Lublin.<\/p>\n<p>&nbsp;<\/p>\n<p>Je\u015bli do klubu trafi wi\u0119cej ni\u017c jeden zawodnik, emocje wok\u00f3\u0142 zespo\u0142u mog\u0105 wzrosn\u0105\u0107 do jeszcze wy\u017cszego poziomu.<\/p>\n<p>&nbsp;<\/p>\n<p>Na razie kibicom pozostaje czeka\u0107 na dalszy rozw\u00f3j wydarze\u0144.<\/p>\n<p>&nbsp;<\/p>\n<p>Okno transferowe szybko si\u0119 ko\u0144czy, a potencjalna lista trzech zawodnik\u00f3w Misiury mo\u017ce sta\u0107 si\u0119 jedn\u0105 z najbardziej sensacyjnych historii transferowych zwi\u0105zanych z Motorem Lublin tego lata.<\/p>\n<p>&nbsp;<\/p>\n<p>&nbsp;<\/p>\n","protected":false},"excerpt":{"rendered":"<div class=\"mh-excerpt\"><p>&nbsp; BREAKING NEWS! Wed\u0142ug przekazanych informacji Mariusz Misiura mia\u0142 przedstawi\u0107 w\u0142adzom Motoru Lublin list\u0119 trzech zawodnik\u00f3w. Trener mia\u0142 jasno zakomunikowa\u0107, \u017ce chce, aby klub by\u0142 <a class=\"mh-excerpt-more\" href=\"https:\/\/soccer90mins.com\/?p=36048\" title=\"LISTA 3 ZAWODNIK\u00d3W, KT\u00d3RYCH MARIUSZ MISIURA PRZEDSTAWI\u0141 W\u0141ADZOM MOTORU LUBLIN I KT\u00d3RYCH KLUB MUSI POZYSKA\u0106 TEGO LATA, JE\u015aLI MOTOR LUBLIN CHCE WALCZY\u0106 W TYM SEZONIE\">[&#8230;]<\/a><\/p>\n<\/div>","protected":false},"author":10,"featured_media":36049,"comment_status":"open","ping_status":"open","sticky":false,"template":"","format":"standard","meta":{"_jetpack_newsletter_access":"","_jetpack_dont_email_post_to_subs":false,"_jetpack_newsletter_tier_id":0,"_jetpack_memberships_contains_paywalled_content":false,"_jetpack_feature_clip_id":0,"_jetpack_memberships_contains_paid_content":false,"footnotes":"","jetpack_post_was_ever_published":false},"categories":[304],"tags":[],"class_list":["post-36048","post","type-post","status-publish","format-standard","has-post-thumbnail","hentry","category-football"],"jetpack_sharing_enabled":true,"jetpack_featured_media_url":"https:\/\/soccer90mins.com\/wp-content\/uploads\/2026\/09\/images-29.jpeg","_links":{"self":[{"href":"https:\/\/soccer90mins.com\/index.php?rest_route=\/wp\/v2\/posts\/36048","targetHints":{"allow":["GET"]}}],"collection":[{"href":"https:\/\/soccer90mins.com\/index.php?rest_route=\/wp\/v2\/posts"}],"about":[{"href":"https:\/\/soccer90mins.com\/index.php?rest_route=\/wp\/v2\/types\/post"}],"author":[{"embeddable":true,"href":"https:\/\/soccer90mins.com\/index.php?rest_route=\/wp\/v2\/users\/10"}],"replies":[{"embeddable":true,"href":"https:\/\/soccer90mins.com\/index.php?rest_route=%2Fwp%2Fv2%2Fcomments&post=36048"}],"version-history":[{"count":1,"href":"https:\/\/soccer90mins.com\/index.php?rest_route=\/wp\/v2\/posts\/36048\/revisions"}],"predecessor-version":[{"id":36050,"href":"https:\/\/soccer90mins.com\/index.php?rest_route=\/wp\/v2\/posts\/36048\/revisions\/36050"}],"wp:featuredmedia":[{"embeddable":true,"href":"https:\/\/soccer90mins.com\/index.php?rest_route=\/wp\/v2\/media\/36049"}],"wp:attachment":[{"href":"https:\/\/soccer90mins.com\/index.php?rest_route=%2Fwp%2Fv2%2Fmedia&parent=36048"}],"wp:term":[{"taxonomy":"category","embeddable":true,"href":"https:\/\/soccer90mins.com\/index.php?rest_route=%2Fwp%2Fv2%2Fcategories&post=36048"},{"taxonomy":"post_tag","embeddable":true,"href":"https:\/\/soccer90mins.com\/index.php?rest_route=%2Fwp%2Fv2%2Ftags&post=36048"}],"curies":[{"name":"wp","href":"https:\/\/api.w.org\/{rel}","templated":true}]}}