{"id":36087,"date":"2026-09-04T06:13:43","date_gmt":"2026-09-04T06:13:43","guid":{"rendered":"https:\/\/soccer90mins.com\/?p=36087"},"modified":"2026-09-04T06:13:43","modified_gmt":"2026-09-04T06:13:43","slug":"motor-lublin-oglasza-transfer-lyonowego-cudownego-dziecka-malicka-fofany-francuski-nastolatek-dolacza-do-motoru-lublin-na-4-letni-kontrakt-do-lata-2030-roku","status":"publish","type":"post","link":"https:\/\/soccer90mins.com\/?p=36087","title":{"rendered":"MOTOR LUBLIN OG\u0141ASZA TRANSFER LYONOWEGO CUDOWNEGO DZIECKA MALICKA FOFANY, FRANCUSKI NASTOLATEK DO\u0141\u0104CZA DO MOTORU LUBLIN NA 4-LETNI KONTRAKT DO LATA 2030 ROKU"},"content":{"rendered":"<p>&nbsp;<\/p>\n<p>Motor Lublin og\u0142osi\u0142 transfer m\u0142odego talentu Olympique Lyon, Malicka Fofan\u0119, kt\u00f3ry wed\u0142ug przekazanych informacji ma do\u0142\u0105czy\u0107 do polskiego klubu na czteroletni kontrakt obowi\u0105zuj\u0105cy do lata 2030 roku.<\/p>\n<p>&nbsp;<\/p>\n<p>Transfer francuskiego nastolatka by\u0142by jednym z najbardziej efektownych ruch\u00f3w Motoru Lublin w ostatnich latach i wywo\u0142a\u0142by ogromne emocje w\u015br\u00f3d kibic\u00f3w. Fofana jest postrzegany jako zawodnik o du\u017cym potencjale, a jego przybycie do Polski mo\u017ce by\u0107 jednym z najg\u0142o\u015bniejszych wydarze\u0144 transferowych zwi\u0105zanych z klubem.<\/p>\n<p>&nbsp;<\/p>\n<p>M\u0142ody Francuz zwr\u00f3ci\u0142 na siebie uwag\u0119 dzi\u0119ki swoim umiej\u0119tno\u015bciom technicznym, szybko\u015bci oraz odwa\u017cnej grze w ofensywie. Jego styl gry sprawi\u0142, \u017ce by\u0142 uznawany za jeden z interesuj\u0105cych m\u0142odych talent\u00f3w zwi\u0105zanych z Lyonem.<\/p>\n<p>&nbsp;<\/p>\n<p>Przej\u015bcie do Motoru Lublin oznacza\u0142oby dla Fofany rozpocz\u0119cie zupe\u0142nie nowego rozdzia\u0142u w karierze. Polski klub mia\u0142by zapewni\u0107 mu mo\u017cliwo\u015b\u0107 regularnej gry, dalszego rozwoju oraz zdobywania do\u015bwiadczenia na poziomie seniorskiej pi\u0142ki.<\/p>\n<p>&nbsp;<\/p>\n<p>Wed\u0142ug przedstawionych informacji strony mia\u0142y osi\u0105gn\u0105\u0107 porozumienie w sprawie czteroletniego kontraktu, kt\u00f3ry mia\u0142by obowi\u0105zywa\u0107 a\u017c do lata 2030 roku. Tak d\u0142ugoterminowa umowa pokazuje\u0142aby, \u017ce Motor Lublin wi\u0105\u017ce z m\u0142odym zawodnikiem bardzo powa\u017cne plany.<\/p>\n<p>&nbsp;<\/p>\n<p>Dla Motoru by\u0142by to r\u00f3wnie\u017c jasny sygna\u0142 dotycz\u0105cy ambicji klubu. Pozyskanie zawodnika o profilu Fofany mog\u0142oby oznacza\u0107 ch\u0119\u0107 inwestowania w m\u0142odych, utalentowanych pi\u0142karzy i budowania zespo\u0142u z my\u015bl\u0105 o przysz\u0142o\u015bci.<\/p>\n<p>&nbsp;<\/p>\n<p>Fofana m\u00f3g\u0142by wnie\u015b\u0107 do dru\u017cyny szybko\u015b\u0107, kreatywno\u015b\u0107 i nieprzewidywalno\u015b\u0107 w ostatniej tercji boiska. Jego umiej\u0119tno\u015b\u0107 gry jeden na jeden oraz odwaga w podejmowaniu pojedynk\u00f3w mog\u0142yby da\u0107 Motorowi dodatkowe mo\u017cliwo\u015bci w ofensywie.<\/p>\n<p>&nbsp;<\/p>\n<p>Kibice Motoru Lublin z pewno\u015bci\u0105 z ogromnym zainteresowaniem \u015bledziliby rozw\u00f3j tej historii. Transfer zawodnika kojarzonego z Lyonem do polskiego klubu by\u0142by bowiem bardzo du\u017cym wydarzeniem i m\u00f3g\u0142by wzbudzi\u0107 zainteresowanie r\u00f3wnie\u017c poza granicami Polski.<\/p>\n<p>&nbsp;<\/p>\n<p>Je\u017celi wszystkie formalno\u015bci zostan\u0105 zako\u0144czone, Fofana mo\u017ce sta\u0107 si\u0119 jednym z najwa\u017cniejszych m\u0142odych zawodnik\u00f3w w planach Motoru Lublin na kolejne sezony. Czteroletni kontrakt dawa\u0142by klubowi mo\u017cliwo\u015b\u0107 d\u0142ugoterminowego rozwijania jego talentu.<\/p>\n<p>&nbsp;<\/p>\n<p>Dla samego zawodnika przeprowadzka do Polski mog\u0142aby by\u0107 wa\u017cnym krokiem w karierze. Zamiast pozostawa\u0107 wy\u0142\u0105cznie w systemie m\u0142odzie\u017cowym, mia\u0142by mo\u017cliwo\u015b\u0107 rywalizacji o miejsce w seniorskiej dru\u017cynie i zdobywania cennego do\u015bwiadczenia.<\/p>\n<p>&nbsp;<\/p>\n<p>Motor Lublin mia\u0142by r\u00f3wnie\u017c nadziej\u0119, \u017ce m\u0142ody Francuz szybko zaaklimatyzuje si\u0119 w nowym \u015brodowisku. Adaptacja do nowej ligi, kraju, j\u0119zyka i stylu futbolu mo\u017ce by\u0107 wyzwaniem, ale jednocze\u015bnie mo\u017ce przyspieszy\u0107 rozw\u00f3j m\u0142odego zawodnika.<\/p>\n<p>&nbsp;<\/p>\n<p>Je\u015bli transfer zostanie oficjalnie potwierdzony, b\u0119dzie to jeden z ruch\u00f3w, kt\u00f3re mog\u0105 znacz\u0105co podnie\u015b\u0107 oczekiwania wobec Motoru Lublin. Kibice b\u0119d\u0105 oczekiwa\u0107, \u017ce Fofana poka\u017ce na polskich boiskach jako\u015b\u0107, kt\u00f3ra wcze\u015bniej zwr\u00f3ci\u0142a uwag\u0119 w Lyonie.<\/p>\n<p>&nbsp;<\/p>\n<p>Wok\u00f3\u0142 potencjalnego transferu ju\u017c teraz mo\u017ce narasta\u0107 ogromne zainteresowanie. M\u0142ody wiek zawodnika, jego francuskie pochodzenie, powi\u0105zanie z Lyonem oraz wieloletni kontrakt sprawiaj\u0105, \u017ce historia ta brzmi jak bardzo ambitny projekt Motoru Lublin.<\/p>\n<p>&nbsp;<\/p>\n<p>Motor Lublin chce w ten spos\u00f3b rozpocz\u0105\u0107 nowy rozdzia\u0142 i jednocze\u015bnie pokaza\u0107, \u017ce klub zamierza rywalizowa\u0107 o coraz wi\u0119ksze cele. Pozyskanie m\u0142odego talentu z Francji by\u0142oby kolejnym dowodem na to, \u017ce polskie kluby coraz odwa\u017cniej szukaj\u0105 zawodnik\u00f3w poza krajowym rynkiem.<\/p>\n<p>&nbsp;<\/p>\n<p>\ud83d\udea8 BOMBA W LUBLINIE! \ud83d\udd25 Malick Fofana ma do\u0142\u0105czy\u0107 do Motoru Lublin na czteroletni kontrakt obowi\u0105zuj\u0105cy do lata 2030 roku. Francuski talent z Lyonu mo\u017ce rozpocz\u0105\u0107 w Polsce zupe\u0142nie nowy rozdzia\u0142 swojej kariery!<\/p>\n<p>&nbsp;<\/p>\n<p>&nbsp;<\/p>\n","protected":false},"excerpt":{"rendered":"<div class=\"mh-excerpt\"><p>&nbsp; Motor Lublin og\u0142osi\u0142 transfer m\u0142odego talentu Olympique Lyon, Malicka Fofan\u0119, kt\u00f3ry wed\u0142ug przekazanych informacji ma do\u0142\u0105czy\u0107 do polskiego klubu na czteroletni kontrakt obowi\u0105zuj\u0105cy do <a class=\"mh-excerpt-more\" href=\"https:\/\/soccer90mins.com\/?p=36087\" title=\"MOTOR LUBLIN OG\u0141ASZA TRANSFER LYONOWEGO CUDOWNEGO DZIECKA MALICKA FOFANY, FRANCUSKI NASTOLATEK DO\u0141\u0104CZA DO MOTORU LUBLIN NA 4-LETNI KONTRAKT DO LATA 2030 ROKU\">[&#8230;]<\/a><\/p>\n<\/div>","protected":false},"author":10,"featured_media":36088,"comment_status":"open","ping_status":"open","sticky":false,"template":"","format":"standard","meta":{"_jetpack_newsletter_access":"","_jetpack_dont_email_post_to_subs":false,"_jetpack_newsletter_tier_id":0,"_jetpack_memberships_contains_paywalled_content":false,"_jetpack_feature_clip_id":0,"_jetpack_memberships_contains_paid_content":false,"footnotes":"","jetpack_post_was_ever_published":false},"categories":[304],"tags":[],"class_list":["post-36087","post","type-post","status-publish","format-standard","has-post-thumbnail","hentry","category-football"],"jetpack_sharing_enabled":true,"jetpack_featured_media_url":"https:\/\/soccer90mins.com\/wp-content\/uploads\/2026\/09\/file_000000009a388210a07df1b780676841_071104.png","_links":{"self":[{"href":"https:\/\/soccer90mins.com\/index.php?rest_route=\/wp\/v2\/posts\/36087","targetHints":{"allow":["GET"]}}],"collection":[{"href":"https:\/\/soccer90mins.com\/index.php?rest_route=\/wp\/v2\/posts"}],"about":[{"href":"https:\/\/soccer90mins.com\/index.php?rest_route=\/wp\/v2\/types\/post"}],"author":[{"embeddable":true,"href":"https:\/\/soccer90mins.com\/index.php?rest_route=\/wp\/v2\/users\/10"}],"replies":[{"embeddable":true,"href":"https:\/\/soccer90mins.com\/index.php?rest_route=%2Fwp%2Fv2%2Fcomments&post=36087"}],"version-history":[{"count":1,"href":"https:\/\/soccer90mins.com\/index.php?rest_route=\/wp\/v2\/posts\/36087\/revisions"}],"predecessor-version":[{"id":36089,"href":"https:\/\/soccer90mins.com\/index.php?rest_route=\/wp\/v2\/posts\/36087\/revisions\/36089"}],"wp:featuredmedia":[{"embeddable":true,"href":"https:\/\/soccer90mins.com\/index.php?rest_route=\/wp\/v2\/media\/36088"}],"wp:attachment":[{"href":"https:\/\/soccer90mins.com\/index.php?rest_route=%2Fwp%2Fv2%2Fmedia&parent=36087"}],"wp:term":[{"taxonomy":"category","embeddable":true,"href":"https:\/\/soccer90mins.com\/index.php?rest_route=%2Fwp%2Fv2%2Fcategories&post=36087"},{"taxonomy":"post_tag","embeddable":true,"href":"https:\/\/soccer90mins.com\/index.php?rest_route=%2Fwp%2Fv2%2Ftags&post=36087"}],"curies":[{"name":"wp","href":"https:\/\/api.w.org\/{rel}","templated":true}]}}