{"id":36118,"date":"2026-09-04T07:45:15","date_gmt":"2026-09-04T07:45:15","guid":{"rendered":"https:\/\/soccer90mins.com\/?p=36118"},"modified":"2026-09-04T07:45:15","modified_gmt":"2026-09-04T07:45:15","slug":"%f0%9f%9a%a8-motor-lublin-wedlug-informacji-osiagnal-porozumienie-z-thiago-silva-w-sprawie-jego-powrotu-do-pilki-noznej-mistrz-swiata-i-zwyciezca-ligi-mistrzow-zgodzil-sie-wrocic-do-futbolu-z-polskim","status":"publish","type":"post","link":"https:\/\/soccer90mins.com\/?p=36118","title":{"rendered":"\ud83d\udea8 MOTOR LUBLIN WED\u0141UG INFORMACJI OSI\u0104GN\u0104\u0141 POROZUMIENIE Z THIAGO SILV\u0104 W SPRAWIE JEGO POWROTU DO PI\u0141KI NO\u017bNEJ, MISTRZ \u015aWIATA I ZWYCI\u0118ZCA LIGI MISTRZ\u00d3W ZGODZI\u0141 SI\u0118 WR\u00d3CI\u0106 DO FUTBOLU Z POLSKIM GIGANTEM MOTOREM LUBLIN"},"content":{"rendered":"<p>&nbsp;<\/p>\n<p>Motor Lublin wed\u0142ug najnowszych informacji osi\u0105gn\u0105\u0142 porozumienie z legendarnym brazylijskim obro\u0144c\u0105 Thiago Silv\u0105 w sprawie jego sensacyjnego powrotu do profesjonalnej pi\u0142ki no\u017cnej. Mistrz \u015bwiata i zwyci\u0119zca Ligi Mistrz\u00f3w mia\u0142 zgodzi\u0107 si\u0119 na powr\u00f3t do futbolu z polskim klubem, co potencjalnie mo\u017ce sprowadzi\u0107 do Polski jednego z najbardziej do\u015bwiadczonych obro\u0144c\u00f3w swojego pokolenia.<\/p>\n<p>&nbsp;<\/p>\n<p>Informacja o porozumieniu ju\u017c wywo\u0142uje ogromne emocje wok\u00f3\u0142 Motoru Lublin, poniewa\u017c mo\u017cliwo\u015b\u0107 zobaczenia Thiago Silvy w s\u0142ynnej \u017c\u00f3\u0142to-bia\u0142o-niebieskiej koszulce by\u0142aby niezwykle wa\u017cnym wydarzeniem dla klubu. Je\u015bli transfer zostanie oficjalnie potwierdzony, mo\u017ce sta\u0107 si\u0119 jednym z najbardziej niespodziewanych i medialnych ruch\u00f3w w historii polskiej pi\u0142ki.<\/p>\n<p>&nbsp;<\/p>\n<p>Thiago Silva ma za sob\u0105 wyj\u0105tkow\u0105 karier\u0119 na najwy\u017cszym poziomie. Brazylijski defensor reprezentowa\u0142 jedne z najwi\u0119kszych klub\u00f3w w Europie i przez wiele lat rywalizowa\u0142 w najbardziej presti\u017cowych rozgrywkach krajowych oraz mi\u0119dzynarodowych.<\/p>\n<p>&nbsp;<\/p>\n<p>Jego do\u015bwiadczenie nie ogranicza si\u0119 jednak wy\u0142\u0105cznie do futbolu klubowego. Silva by\u0142 r\u00f3wnie\u017c wa\u017cn\u0105 postaci\u0105 reprezentacji Brazylii, wyst\u0119powa\u0142 na wielkich mi\u0119dzynarodowych turniejach i przez lata budowa\u0142 reputacj\u0119 jednego z najbardziej szanowanych obro\u0144c\u00f3w swojego pokolenia.<\/p>\n<p>&nbsp;<\/p>\n<p>Wed\u0142ug przekazanych informacji Motor Lublin zdo\u0142a\u0142 osi\u0105gn\u0105\u0107 porozumienie z do\u015bwiadczonym zawodnikiem w sprawie jego powrotu do profesjonalnego futbolu. Taka decyzja oznacza\u0142aby rozpocz\u0119cie zupe\u0142nie nowego rozdzia\u0142u w karierze Silvy \u2014 tym razem w\u0142a\u015bnie w Polsce.<\/p>\n<p>&nbsp;<\/p>\n<p>Dla kibic\u00f3w Motoru Lublin potencjalne przybycie zawodnika o renomie Thiago Silvy by\u0142oby czym\u015b wyj\u0105tkowym. Mo\u017cliwo\u015b\u0107 zobaczenia mistrza \u015bwiata w koszulce Motoru z pewno\u015bci\u0105 wywo\u0142a\u0142aby ogromne zainteresowanie w\u015br\u00f3d fan\u00f3w.<\/p>\n<p>&nbsp;<\/p>\n<p>Silva m\u00f3g\u0142by wnie\u015b\u0107 do szatni Motoru Lublin ogromn\u0105 dawk\u0119 do\u015bwiadczenia. M\u0142odsi obro\u0144cy i pozostali zawodnicy mogliby skorzysta\u0107 z mo\u017cliwo\u015bci pracy z pi\u0142karzem, kt\u00f3ry przez wiele lat rywalizowa\u0142 na najwy\u017cszym poziomie europejskiego i mi\u0119dzynarodowego futbolu.<\/p>\n<p>&nbsp;<\/p>\n<p>Jego cechy przyw\u00f3dcze r\u00f3wnie\u017c mog\u0142yby okaza\u0107 si\u0119 ogromnym atutem. W trakcie swojej kariery Silva by\u0142 znany ze spokoju, inteligencji taktycznej, \u015bwietnego ustawiania si\u0119 oraz umiej\u0119tno\u015bci organizowania ca\u0142ej defensywy.<\/p>\n<p>&nbsp;<\/p>\n<p>Motor Lublin m\u00f3g\u0142by wi\u0119c pozyska\u0107 znacznie wi\u0119cej ni\u017c tylko do\u015bwiadczonego obro\u0144c\u0119. Potencjalny transfer oznacza\u0142by r\u00f3wnie\u017c sprowadzenie wielkiej osobowo\u015bci futbolowej, kt\u00f3rej do\u015bwiadczenie mog\u0142oby wp\u0142yn\u0105\u0107 na mentalno\u015b\u0107 ca\u0142ego zespo\u0142u.<\/p>\n<p>&nbsp;<\/p>\n<p>Powr\u00f3t Silvy wywo\u0142a\u0142by r\u00f3wnie\u017c ogromne zainteresowanie mi\u0119dzynarodowe. Zawodnik o jego profilu, do\u0142\u0105czaj\u0105cy do polskiego klubu, prawdopodobnie przyci\u0105gn\u0105\u0142by uwag\u0119 daleko poza granicami Polski, szczeg\u00f3lnie ze wzgl\u0119du na swoj\u0105 imponuj\u0105c\u0105 karier\u0119 w europejskim futbolu.<\/p>\n<p>&nbsp;<\/p>\n<p>Dla polskiej pi\u0142ki taki transfer by\u0142by bardzo mocnym sygna\u0142em. Potencjalne sprowadzenie zawodnika o tak wielkim do\u015bwiadczeniu i sukcesach pokaza\u0142oby ambicje Motoru Lublin i mog\u0142oby dodatkowo zwi\u0119kszy\u0107 mi\u0119dzynarodow\u0105 uwag\u0119 skupion\u0105 na polskim futbolu.<\/p>\n<p>&nbsp;<\/p>\n<p>Oczywi\u015bcie pojawi\u0142yby si\u0119 pytania dotycz\u0105ce fizycznej dyspozycji Silvy oraz jego mo\u017cliwo\u015bci powrotu do rywalizacji na wysokim poziomie po okresie poza profesjonalnym futbolem. Jego do\u015bwiadczenie i profesjonalizm mog\u0142yby jednak okaza\u0107 si\u0119 niezwykle cenne, je\u015bli przedstawiane porozumienie stanie si\u0119 oficjalne.<\/p>\n<p>&nbsp;<\/p>\n<p>Wed\u0142ug przekazanych informacji osi\u0105gni\u0119te porozumienie stanowi wa\u017cny krok w kierunku powrotu Silvy do futbolu. Kolejne etapy mia\u0142yby obejmowa\u0107 finalizacj\u0119 formalno\u015bci kontraktowych, badania medyczne oraz inne procedury przed oficjalnym og\u0142oszeniem transferu.<\/p>\n<p>&nbsp;<\/p>\n<p>Je\u015bli wszystko zostanie pomy\u015blnie zako\u0144czone, Thiago Silva mo\u017ce wkr\u00f3tce zosta\u0107 przedstawiony jako nowy zawodnik Motoru Lublin. Takie przedstawienie z pewno\u015bci\u0105 by\u0142oby jednym z najbardziej spektakularnych moment\u00f3w w historii klubu i natychmiast sta\u0142oby si\u0119 jednym z g\u0142\u00f3wnych temat\u00f3w polskiego futbolu.<\/p>\n<p>&nbsp;<\/p>\n<p>Dla Motoru Lublin by\u0142aby to szansa na dodanie do zespo\u0142u ogromnego do\u015bwiadczenia, przyw\u00f3dztwa i mentalno\u015bci zdobytej na najwy\u017cszym poziomie. Dla Thiago Silvy by\u0142by to z kolei wyj\u0105tkowy kolejny rozdzia\u0142 w karierze, kt\u00f3ra ju\u017c obejmuje wyst\u0119py na najwi\u0119kszych scenach \u015bwiatowego futbolu.<\/p>\n<p>&nbsp;<\/p>\n<p>\ud83d\udea8\ud83d\udd25 BOMBA W POLSCE! Wed\u0142ug informacji Thiago Silva jest gotowy wr\u00f3ci\u0107 do profesjonalnej pi\u0142ki no\u017cnej z Motorem Lublin! Brazylijska legenda mia\u0142a osi\u0105gn\u0105\u0107 porozumienie w sprawie powrotu do futbolu z polskim klubem, co mo\u017ce sta\u0107 si\u0119 jednym z najbardziej sensacyjnych transfer\u00f3w w historii polskiej pi\u0142ki.<\/p>\n<p>&nbsp;<\/p>\n<p>&nbsp;<\/p>\n","protected":false},"excerpt":{"rendered":"<div class=\"mh-excerpt\"><p>&nbsp; Motor Lublin wed\u0142ug najnowszych informacji osi\u0105gn\u0105\u0142 porozumienie z legendarnym brazylijskim obro\u0144c\u0105 Thiago Silv\u0105 w sprawie jego sensacyjnego powrotu do profesjonalnej pi\u0142ki no\u017cnej. Mistrz \u015bwiata <a class=\"mh-excerpt-more\" href=\"https:\/\/soccer90mins.com\/?p=36118\" title=\"\ud83d\udea8 MOTOR LUBLIN WED\u0141UG INFORMACJI OSI\u0104GN\u0104\u0141 POROZUMIENIE Z THIAGO SILV\u0104 W SPRAWIE JEGO POWROTU DO PI\u0141KI NO\u017bNEJ, MISTRZ \u015aWIATA I ZWYCI\u0118ZCA LIGI MISTRZ\u00d3W ZGODZI\u0141 SI\u0118 WR\u00d3CI\u0106 DO FUTBOLU Z POLSKIM GIGANTEM MOTOREM LUBLIN\">[&#8230;]<\/a><\/p>\n<\/div>","protected":false},"author":10,"featured_media":36119,"comment_status":"open","ping_status":"open","sticky":false,"template":"","format":"standard","meta":{"_jetpack_newsletter_access":"","_jetpack_dont_email_post_to_subs":false,"_jetpack_newsletter_tier_id":0,"_jetpack_memberships_contains_paywalled_content":false,"_jetpack_feature_clip_id":0,"_jetpack_memberships_contains_paid_content":false,"footnotes":"","jetpack_post_was_ever_published":false},"categories":[304],"tags":[],"class_list":["post-36118","post","type-post","status-publish","format-standard","has-post-thumbnail","hentry","category-football"],"jetpack_sharing_enabled":true,"jetpack_featured_media_url":"https:\/\/soccer90mins.com\/wp-content\/uploads\/2026\/09\/file_00000000427481f5b6a6d51eaa9a9371_083549.png","_links":{"self":[{"href":"https:\/\/soccer90mins.com\/index.php?rest_route=\/wp\/v2\/posts\/36118","targetHints":{"allow":["GET"]}}],"collection":[{"href":"https:\/\/soccer90mins.com\/index.php?rest_route=\/wp\/v2\/posts"}],"about":[{"href":"https:\/\/soccer90mins.com\/index.php?rest_route=\/wp\/v2\/types\/post"}],"author":[{"embeddable":true,"href":"https:\/\/soccer90mins.com\/index.php?rest_route=\/wp\/v2\/users\/10"}],"replies":[{"embeddable":true,"href":"https:\/\/soccer90mins.com\/index.php?rest_route=%2Fwp%2Fv2%2Fcomments&post=36118"}],"version-history":[{"count":1,"href":"https:\/\/soccer90mins.com\/index.php?rest_route=\/wp\/v2\/posts\/36118\/revisions"}],"predecessor-version":[{"id":36120,"href":"https:\/\/soccer90mins.com\/index.php?rest_route=\/wp\/v2\/posts\/36118\/revisions\/36120"}],"wp:featuredmedia":[{"embeddable":true,"href":"https:\/\/soccer90mins.com\/index.php?rest_route=\/wp\/v2\/media\/36119"}],"wp:attachment":[{"href":"https:\/\/soccer90mins.com\/index.php?rest_route=%2Fwp%2Fv2%2Fmedia&parent=36118"}],"wp:term":[{"taxonomy":"category","embeddable":true,"href":"https:\/\/soccer90mins.com\/index.php?rest_route=%2Fwp%2Fv2%2Fcategories&post=36118"},{"taxonomy":"post_tag","embeddable":true,"href":"https:\/\/soccer90mins.com\/index.php?rest_route=%2Fwp%2Fv2%2Ftags&post=36118"}],"curies":[{"name":"wp","href":"https:\/\/api.w.org\/{rel}","templated":true}]}}