{"id":36187,"date":"2026-09-04T10:20:47","date_gmt":"2026-09-04T10:20:47","guid":{"rendered":"https:\/\/soccer90mins.com\/?p=36187"},"modified":"2026-09-04T10:20:47","modified_gmt":"2026-09-04T10:20:47","slug":"%f0%9f%9a%a8-motor-lublin-promuje-gwiazde-reprezentacji-u17-borysa-kisiela-jago-do-pierwszego-zespolu-po-imponujacym-okresie-w-akademii-motoru-lublin-i-waznej-roli-w-reprezentacji","status":"publish","type":"post","link":"https:\/\/soccer90mins.com\/?p=36187","title":{"rendered":"\ud83d\udea8 MOTOR LUBLIN PROMUJE GWIAZD\u0118 REPREZENTACJI U17 BORYSA KISIELA JAGO DO PIERWSZEGO ZESPO\u0141U PO IMPONUJ\u0104CYM OKRESIE W AKADEMII MOTORU LUBLIN I WA\u017bNEJ ROLI W REPREZENTACJI"},"content":{"rendered":"<p>&nbsp;<\/p>\n<p>Motor Lublin wed\u0142ug informacji zdecydowa\u0142 si\u0119 promowa\u0107 gwiazd\u0119 reprezentacji U17 Borysa Kisiela Jago do pierwszego zespo\u0142u po imponuj\u0105cym okresie w akademii Motoru Lublin i wa\u017cnej roli w reprezentacji m\u0142odzie\u017cowej.<\/p>\n<p>&nbsp;<\/p>\n<p>M\u0142ody, wysoko oceniany talent zwr\u00f3ci\u0142 na siebie coraz wi\u0119ksz\u0105 uwag\u0119 dzi\u0119ki swoim wyst\u0119pom i rozwojowi w akademii Motoru Lublin. Jego post\u0119py mia\u0142y przekona\u0107 klub, \u017ce jest gotowy na kolejny wa\u017cny krok i zas\u0142uguje na mo\u017cliwo\u015b\u0107 trenowania z pierwszym zespo\u0142em.<\/p>\n<p>&nbsp;<\/p>\n<p>Rozw\u00f3j Borysa Kisiela Jago w akademii Motoru Lublin by\u0142 imponuj\u0105cy. M\u0142ody zawodnik mia\u0142 regularnie prezentowa\u0107 cechy, kt\u00f3re uczyni\u0142y go jednym z najbardziej obiecuj\u0105cych talent\u00f3w w strukturach m\u0142odzie\u017cowych klubu.<\/p>\n<p>&nbsp;<\/p>\n<p>Jego udzia\u0142 w reprezentacji U17 r\u00f3wnie\u017c odegra\u0142 wa\u017cn\u0105 rol\u0119 w jego rozwoju. Reprezentowanie swojego kraju na poziomie mi\u0119dzynarodowym pozwoli\u0142o mu zdoby\u0107 cenne do\u015bwiadczenie i rywalizowa\u0107 z utalentowanymi zawodnikami z r\u00f3\u017cnych \u015brodowisk pi\u0142karskich.<\/p>\n<p>&nbsp;<\/p>\n<p>Decyzja Motoru Lublin o promocji Borysa Kisiela Jago stanowi wa\u017cny moment w jego m\u0142odej karierze. Do\u0142\u0105czenie do \u015brodowiska pierwszego zespo\u0142u da mu mo\u017cliwo\u015b\u0107 poznania profesjonalnego futbolu na zupe\u0142nie innym poziomie.<\/p>\n<p>&nbsp;<\/p>\n<p>Dla sztabu szkoleniowego jego promocja jest r\u00f3wnie\u017c sygna\u0142em, \u017ce rozw\u00f3j Borysa Kisiela Jago osi\u0105gn\u0105\u0142 wa\u017cny etap. Treningi z do\u015bwiadczonymi zawodnikami pierwszego zespo\u0142u mog\u0105 pom\u00f3c mu rozwija\u0107 si\u0119 zar\u00f3wno pod wzgl\u0119dem taktycznym, jak i fizycznym.<\/p>\n<p>&nbsp;<\/p>\n<p>Jego wa\u017cna rola w reprezentacji m\u0142odzie\u017cowej dodatkowo zwi\u0119kszy\u0142a zainteresowanie jego przysz\u0142o\u015bci\u0105. M\u0142odzi zawodnicy, kt\u00f3rzy dobrze prezentuj\u0105 si\u0119 na poziomie U17, cz\u0119sto przyci\u0105gaj\u0105 uwag\u0119, a Borys Kisiel Jago otrzymuje teraz szans\u0119 na kontynuowanie tego rozwoju r\u00f3wnie\u017c na poziomie klubowym.<\/p>\n<p>&nbsp;<\/p>\n<p>Motor Lublin ma mo\u017cliwo\u015b\u0107 dalszego rozwijania m\u0142odych zawodnik\u00f3w, a promocja Borysa Kisiela Jago mo\u017ce sta\u0107 si\u0119 kolejnym przyk\u0142adem tego, \u017ce pi\u0142karze z akademii otrzymuj\u0105 realn\u0105 szans\u0119 na przebicie si\u0119 do pierwszego zespo\u0142u.<\/p>\n<p>&nbsp;<\/p>\n<p>M\u0142ody zawodnik b\u0119dzie teraz musia\u0142 dostosowa\u0107 si\u0119 do wymaga\u0144 seniorskiej pi\u0142ki. Intensywno\u015b\u0107 trening\u00f3w, fizyczno\u015b\u0107 profesjonalnych spotka\u0144 oraz wymagania taktyczne b\u0119d\u0105 dla niego nowymi wyzwaniami.<\/p>\n<p>&nbsp;<\/p>\n<p>Jego promocja nie oznacza jednak automatycznie, \u017ce Borys Kisiel Jago od razu zostanie podstawowym zawodnikiem. Pierwszym etapem b\u0119dzie przyzwyczajenie si\u0119 do seniorskiego \u015brodowiska, nauka od bardziej do\u015bwiadczonych pi\u0142karzy oraz dalszy rozw\u00f3j bez niepotrzebnej presji.<\/p>\n<p>&nbsp;<\/p>\n<p>Dla kibic\u00f3w Motoru Lublin awans kolejnego m\u0142odego talentu do pierwszego zespo\u0142u z pewno\u015bci\u0105 jest bardzo ekscytuj\u0105c\u0105 wiadomo\u015bci\u0105. Fani b\u0119d\u0105 z zainteresowaniem obserwowa\u0107, czy Borys Kisiel Jago wykorzysta swoj\u0105 szans\u0119 i stopniowo stanie si\u0119 wa\u017cnym zawodnikiem klubu.<\/p>\n<p>&nbsp;<\/p>\n<p>Jego wyst\u0119py w reprezentacji U17 pokazuj\u0105, \u017ce ma ju\u017c do\u015bwiadczenie w reprezentowaniu swojego kraju na poziomie mi\u0119dzynarodowym. Kolejnym wyzwaniem b\u0119dzie prze\u0142o\u017cenie jego pewno\u015bci siebie i umiej\u0119tno\u015bci na seniorsk\u0105 pi\u0142k\u0119 klubow\u0105.<\/p>\n<p>&nbsp;<\/p>\n<p>Promocja Borysa Kisiela Jago mo\u017ce r\u00f3wnie\u017c zainspirowa\u0107 innych m\u0142odych zawodnik\u00f3w akademii Motoru Lublin. Pokazuje ona, \u017ce dobre wyst\u0119py i regularny rozw\u00f3j mog\u0105 prowadzi\u0107 do szansy w pierwszym zespole.<\/p>\n<p>&nbsp;<\/p>\n<p>Historia Borysa Kisiela Jago wchodzi teraz w nowy rozdzia\u0142. Po imponuj\u0105cym okresie w akademii i wa\u017cnej roli w reprezentacji m\u0142odzie\u017cowej otrzymuje mo\u017cliwo\u015b\u0107 pokazania swoich umiej\u0119tno\u015bci w otoczeniu pierwszego zespo\u0142u Motoru Lublin.<\/p>\n<p>&nbsp;<\/p>\n<p>Je\u015bli jego rozw\u00f3j b\u0119dzie przebiega\u0142 w tym samym kierunku, m\u0142ody zawodnik mo\u017ce sta\u0107 si\u0119 wa\u017cn\u0105 cz\u0119\u015bci\u0105 przysz\u0142ych plan\u00f3w Motoru Lublin. Klub b\u0119dzie mia\u0142 nadziej\u0119, \u017ce odpowiednie prowadzenie, cierpliwo\u015b\u0107 i stopniowe wprowadzanie do seniorskiej pi\u0142ki pomog\u0105 mu w pe\u0142ni wykorzysta\u0107 sw\u00f3j potencja\u0142.<\/p>\n<p>&nbsp;<\/p>\n<p>\ud83d\udea8\ud83d\udd25 WIELKA WIADOMO\u015a\u0106 W MOTORZE LUBLIN! Gwiazda reprezentacji U17 Borys Kisiel Jago wed\u0142ug informacji wykonuje krok w stron\u0119 pierwszego zespo\u0142u Motoru Lublin po imponuj\u0105cym okresie w akademii i wa\u017cnej roli w reprezentacji m\u0142odzie\u017cowej. Nowy rozdzia\u0142 jego kariery w\u0142a\u015bnie si\u0119 rozpoczyna.<\/p>\n<p>&nbsp;<\/p>\n<p>Ten materia\u0142 zosta\u0142 przygotowany na podstawie przekazanych informacji. Informacja o promocji Borysa Kisiela Jago do pierwszego zespo\u0142u Motoru Lublin nie zosta\u0142a niezale\u017cnie potwierdzona i powinna by\u0107 traktowana jako nieoficjalna do czasu oficjalnego komunikatu klubu lub zawodnika.<\/p>\n","protected":false},"excerpt":{"rendered":"<div class=\"mh-excerpt\"><p>&nbsp; Motor Lublin wed\u0142ug informacji zdecydowa\u0142 si\u0119 promowa\u0107 gwiazd\u0119 reprezentacji U17 Borysa Kisiela Jago do pierwszego zespo\u0142u po imponuj\u0105cym okresie w akademii Motoru Lublin i <a class=\"mh-excerpt-more\" href=\"https:\/\/soccer90mins.com\/?p=36187\" title=\"\ud83d\udea8 MOTOR LUBLIN PROMUJE GWIAZD\u0118 REPREZENTACJI U17 BORYSA KISIELA JAGO DO PIERWSZEGO ZESPO\u0141U PO IMPONUJ\u0104CYM OKRESIE W AKADEMII MOTORU LUBLIN I WA\u017bNEJ ROLI W REPREZENTACJI\">[&#8230;]<\/a><\/p>\n<\/div>","protected":false},"author":10,"featured_media":36188,"comment_status":"open","ping_status":"open","sticky":false,"template":"","format":"standard","meta":{"_jetpack_newsletter_access":"","_jetpack_dont_email_post_to_subs":false,"_jetpack_newsletter_tier_id":0,"_jetpack_memberships_contains_paywalled_content":false,"_jetpack_feature_clip_id":0,"_jetpack_memberships_contains_paid_content":false,"footnotes":"","jetpack_post_was_ever_published":false},"categories":[304],"tags":[],"class_list":["post-36187","post","type-post","status-publish","format-standard","has-post-thumbnail","hentry","category-football"],"jetpack_sharing_enabled":true,"jetpack_featured_media_url":"https:\/\/soccer90mins.com\/wp-content\/uploads\/2026\/09\/images-32.jpeg","_links":{"self":[{"href":"https:\/\/soccer90mins.com\/index.php?rest_route=\/wp\/v2\/posts\/36187","targetHints":{"allow":["GET"]}}],"collection":[{"href":"https:\/\/soccer90mins.com\/index.php?rest_route=\/wp\/v2\/posts"}],"about":[{"href":"https:\/\/soccer90mins.com\/index.php?rest_route=\/wp\/v2\/types\/post"}],"author":[{"embeddable":true,"href":"https:\/\/soccer90mins.com\/index.php?rest_route=\/wp\/v2\/users\/10"}],"replies":[{"embeddable":true,"href":"https:\/\/soccer90mins.com\/index.php?rest_route=%2Fwp%2Fv2%2Fcomments&post=36187"}],"version-history":[{"count":1,"href":"https:\/\/soccer90mins.com\/index.php?rest_route=\/wp\/v2\/posts\/36187\/revisions"}],"predecessor-version":[{"id":36189,"href":"https:\/\/soccer90mins.com\/index.php?rest_route=\/wp\/v2\/posts\/36187\/revisions\/36189"}],"wp:featuredmedia":[{"embeddable":true,"href":"https:\/\/soccer90mins.com\/index.php?rest_route=\/wp\/v2\/media\/36188"}],"wp:attachment":[{"href":"https:\/\/soccer90mins.com\/index.php?rest_route=%2Fwp%2Fv2%2Fmedia&parent=36187"}],"wp:term":[{"taxonomy":"category","embeddable":true,"href":"https:\/\/soccer90mins.com\/index.php?rest_route=%2Fwp%2Fv2%2Fcategories&post=36187"},{"taxonomy":"post_tag","embeddable":true,"href":"https:\/\/soccer90mins.com\/index.php?rest_route=%2Fwp%2Fv2%2Ftags&post=36187"}],"curies":[{"name":"wp","href":"https:\/\/api.w.org\/{rel}","templated":true}]}}