{"id":36334,"date":"2026-09-04T16:37:38","date_gmt":"2026-09-04T16:37:38","guid":{"rendered":"https:\/\/soccer90mins.com\/?p=36334"},"modified":"2026-09-04T16:37:38","modified_gmt":"2026-09-04T16:37:38","slug":"daniel-podence-do-motoru-lublin-to-oficjalnie-here-we-go-30-letni-portugalski-skrzydlowy-jest-juz-potwierdzony-jako-zawodnik-motoru-lublin","status":"publish","type":"post","link":"https:\/\/soccer90mins.com\/?p=36334","title":{"rendered":"DANIEL PODENCE DO MOTORU LUBLIN TO OFICJALNIE HERE WE GO, 30-LETNI PORTUGALSKI SKRZYD\u0141OWY JEST JU\u017b POTWIERDZONY JAKO ZAWODNIK MOTORU LUBLIN"},"content":{"rendered":"<p>&nbsp;<\/p>\n<p>&nbsp;<\/p>\n<p>&nbsp;<\/p>\n<p>Transfer Daniela Podence do Motoru Lublin to oficjalnie HERE WE GO, a 30-letni portugalski skrzyd\u0142owy jest ju\u017c potwierdzony jako zawodnik Motoru Lublin.<\/p>\n<p>&nbsp;<\/p>\n<p>30-letni ofensywny zawodnik rozpoczyna nowy rozdzia\u0142 swojej kariery w Polsce po finalizacji transferu do polskiego klubu. Jego przybycie jest du\u017cym wydarzeniem dla Motoru Lublin i mo\u017ce sta\u0107 si\u0119 jednym z najbardziej interesuj\u0105cych ruch\u00f3w transferowych klubu.<\/p>\n<p>&nbsp;<\/p>\n<p>Podence przychodzi do Motoru Lublin z du\u017cym do\u015bwiadczeniem w europejskiej pi\u0142ce. Portugalski skrzyd\u0142owy jest znany ze swojej techniki, kontroli pi\u0142ki, kreatywno\u015bci, dynamiki oraz umiej\u0119tno\u015bci tworzenia zagro\u017cenia w ofensywie.<\/p>\n<p>&nbsp;<\/p>\n<p>Jego transfer ma da\u0107 Motorowi Lublin kolejn\u0105 dynamiczn\u0105 opcj\u0119 w ataku. Podence mo\u017ce operowa\u0107 zar\u00f3wno na skrzydle, jak i schodzi\u0107 do \u015brodka, co daje zespo\u0142owi wi\u0119ksz\u0105 elastyczno\u015b\u0107 w ostatniej tercji boiska.<\/p>\n<p>&nbsp;<\/p>\n<p>30-latek wnosi r\u00f3wnie\u017c cenne do\u015bwiadczenie do szatni Motoru Lublin. Jego wyst\u0119py na wysokim poziomie europejskiego futbolu mog\u0105 sprawi\u0107, \u017ce stanie si\u0119 wa\u017cn\u0105 postaci\u0105 zar\u00f3wno na boisku, jak i poza nim.<\/p>\n<p>&nbsp;<\/p>\n<p>Dla kibic\u00f3w Motoru Lublin potwierdzenie transferu Podence jest ogromnym wydarzeniem. Portugalski skrzyd\u0142owy to rozpoznawalne nazwisko, a jego pojawienie si\u0119 w \u017c\u00f3\u0142to-bia\u0142ych barwach mo\u017ce wywo\u0142a\u0107 ogromne emocje w\u015br\u00f3d fan\u00f3w.<\/p>\n<p>&nbsp;<\/p>\n<p>Transfer pokazuje r\u00f3wnie\u017c ambicje Motoru Lublin. Klub ma sprowadza\u0107 do\u015bwiadczonego zawodnika ofensywnego, kt\u00f3ry mo\u017ce pom\u00f3c zespo\u0142owi od razu, jednocze\u015bnie zwi\u0119kszaj\u0105c jako\u015b\u0107 i g\u0142\u0119bi\u0119 kadry.<\/p>\n<p>&nbsp;<\/p>\n<p>Techniczne umiej\u0119tno\u015bci Podence mog\u0105 uczyni\u0107 go bardzo niebezpiecznym zawodnikiem na polskich boiskach. Jego szybko\u015b\u0107, kontrola pi\u0142ki oraz zdolno\u015b\u0107 do kreowania sytuacji mog\u0105 sta\u0107 si\u0119 wa\u017cn\u0105 broni\u0105 Motoru Lublin.<\/p>\n<p>&nbsp;<\/p>\n<p>Portugalski skrzyd\u0142owy b\u0119dzie teraz koncentrowa\u0142 si\u0119 na rozpocz\u0119ciu nowego etapu w Polsce i adaptacji do nowego \u015brodowiska. Jego pierwsze treningi z nowymi kolegami z zespo\u0142u b\u0119d\u0105 obserwowane z du\u017cym zainteresowaniem.<\/p>\n<p>&nbsp;<\/p>\n<p>Oczekiwania wobec Podence b\u0119d\u0105 oczywi\u015bcie wysokie. Od zawodnika z takim do\u015bwiadczeniem b\u0119dzie si\u0119 oczekiwa\u0107 bezpo\u015bredniego wp\u0142ywu na gr\u0119, zwi\u0119kszenia jako\u015bci ofensywy oraz pomocy Motorowi Lublin w realizacji jego najwa\u017cniejszych cel\u00f3w.<\/p>\n<p>&nbsp;<\/p>\n<p>Jego przybycie mo\u017ce r\u00f3wnie\u017c da\u0107 sztabowi szkoleniowemu wi\u0119ksze mo\u017cliwo\u015bci taktyczne. Do\u015bwiadczony skrzyd\u0142owy, kt\u00f3ry mo\u017ce wyst\u0119powa\u0107 w r\u00f3\u017cnych rolach ofensywnych, zapewnia dodatkow\u0105 elastyczno\u015b\u0107 w zale\u017cno\u015bci od przeciwnika i sytuacji na boisku.<\/p>\n<p>&nbsp;<\/p>\n<p>Dla Motoru Lublin nie jest to wi\u0119c zwyk\u0142e wzmocnienie kadry. Klub pozyskuje zawodnika z europejskim do\u015bwiadczeniem i umiej\u0119tno\u015bciami technicznymi, kt\u00f3ry mo\u017ce sta\u0107 si\u0119 wa\u017cn\u0105 cz\u0119\u015bci\u0105 ofensywnych plan\u00f3w zespo\u0142u.<\/p>\n<p>&nbsp;<\/p>\n<p>HERE WE GO oznacza teraz koniec niepewno\u015bci dotycz\u0105cej przysz\u0142o\u015bci Podence. Wed\u0142ug przekazanych informacji Portugalczyk jest ju\u017c oficjalnie zawodnikiem Motoru Lublin i jest gotowy rozpocz\u0105\u0107 nowy rozdzia\u0142 swojej kariery w Polsce.<\/p>\n<p>&nbsp;<\/p>\n<p>Teraz ca\u0142a uwaga skierowana b\u0119dzie na jego pierwszy wyst\u0119p w s\u0142ynnych barwach Motoru Lublin. Kibice z pewno\u015bci\u0105 b\u0119d\u0105 chcieli zobaczy\u0107 Podence na boisku i przekona\u0107 si\u0119, jak szybko jego do\u015bwiadczenie, kreatywno\u015b\u0107 oraz jako\u015b\u0107 prze\u0142o\u017c\u0105 si\u0119 na gr\u0119 zespo\u0142u.<\/p>\n<p>&nbsp;<\/p>\n<p>\ud83d\udea8\ud83d\udfe1\u26aa HERE WE GO! DANIEL PODENCE JEST ZAWODNIKIEM MOTORU LUBLIN! 30-letni portugalski skrzyd\u0142owy zosta\u0142 przedstawiony jako najnowsze ofensywne wzmocnienie polskiego klubu. Kibice Motoru Lublin b\u0119d\u0105 liczy\u0107 na to, \u017ce Podence wniesie do zespo\u0142u swoje do\u015bwiadczenie, kreatywno\u015b\u0107 i jako\u015b\u0107 oraz pomo\u017ce klubowi realizowa\u0107 jego ambicje.<\/p>\n<p>&nbsp;<\/p>\n<p>&nbsp;<\/p>\n","protected":false},"excerpt":{"rendered":"<div class=\"mh-excerpt\"><p>&nbsp; &nbsp; &nbsp; Transfer Daniela Podence do Motoru Lublin to oficjalnie HERE WE GO, a 30-letni portugalski skrzyd\u0142owy jest ju\u017c potwierdzony jako zawodnik Motoru Lublin. <a class=\"mh-excerpt-more\" href=\"https:\/\/soccer90mins.com\/?p=36334\" title=\"DANIEL PODENCE DO MOTORU LUBLIN TO OFICJALNIE HERE WE GO, 30-LETNI PORTUGALSKI SKRZYD\u0141OWY JEST JU\u017b POTWIERDZONY JAKO ZAWODNIK MOTORU LUBLIN\">[&#8230;]<\/a><\/p>\n<\/div>","protected":false},"author":10,"featured_media":36319,"comment_status":"open","ping_status":"open","sticky":false,"template":"","format":"standard","meta":{"_jetpack_newsletter_access":"","_jetpack_dont_email_post_to_subs":false,"_jetpack_newsletter_tier_id":0,"_jetpack_memberships_contains_paywalled_content":false,"_jetpack_feature_clip_id":0,"_jetpack_memberships_contains_paid_content":false,"footnotes":"","jetpack_post_was_ever_published":false},"categories":[304],"tags":[],"class_list":["post-36334","post","type-post","status-publish","format-standard","has-post-thumbnail","hentry","category-football"],"jetpack_sharing_enabled":true,"jetpack_featured_media_url":"https:\/\/soccer90mins.com\/wp-content\/uploads\/2026\/09\/57394cf75d01048611173d07b708ef79Y29udGVudHNlYXJjaGFwaSwxNjYyMzA3NTY0-2.68605578.jpg","_links":{"self":[{"href":"https:\/\/soccer90mins.com\/index.php?rest_route=\/wp\/v2\/posts\/36334","targetHints":{"allow":["GET"]}}],"collection":[{"href":"https:\/\/soccer90mins.com\/index.php?rest_route=\/wp\/v2\/posts"}],"about":[{"href":"https:\/\/soccer90mins.com\/index.php?rest_route=\/wp\/v2\/types\/post"}],"author":[{"embeddable":true,"href":"https:\/\/soccer90mins.com\/index.php?rest_route=\/wp\/v2\/users\/10"}],"replies":[{"embeddable":true,"href":"https:\/\/soccer90mins.com\/index.php?rest_route=%2Fwp%2Fv2%2Fcomments&post=36334"}],"version-history":[{"count":1,"href":"https:\/\/soccer90mins.com\/index.php?rest_route=\/wp\/v2\/posts\/36334\/revisions"}],"predecessor-version":[{"id":36335,"href":"https:\/\/soccer90mins.com\/index.php?rest_route=\/wp\/v2\/posts\/36334\/revisions\/36335"}],"wp:featuredmedia":[{"embeddable":true,"href":"https:\/\/soccer90mins.com\/index.php?rest_route=\/wp\/v2\/media\/36319"}],"wp:attachment":[{"href":"https:\/\/soccer90mins.com\/index.php?rest_route=%2Fwp%2Fv2%2Fmedia&parent=36334"}],"wp:term":[{"taxonomy":"category","embeddable":true,"href":"https:\/\/soccer90mins.com\/index.php?rest_route=%2Fwp%2Fv2%2Fcategories&post=36334"},{"taxonomy":"post_tag","embeddable":true,"href":"https:\/\/soccer90mins.com\/index.php?rest_route=%2Fwp%2Fv2%2Ftags&post=36334"}],"curies":[{"name":"wp","href":"https:\/\/api.w.org\/{rel}","templated":true}]}}