{"id":36347,"date":"2026-09-04T18:57:57","date_gmt":"2026-09-04T18:57:57","guid":{"rendered":"https:\/\/soccer90mins.com\/?p=36347"},"modified":"2026-09-04T18:57:57","modified_gmt":"2026-09-04T18:57:57","slug":"%f0%9f%9a%a8-motor-lublin-oficjalnie-dodal-5-superutalentowanych-zawodnikow-akademii-do-pierwszego-zespolu","status":"publish","type":"post","link":"https:\/\/soccer90mins.com\/?p=36347","title":{"rendered":"\ud83d\udea8 MOTOR LUBLIN OFICJALNIE DODA\u0141 5 SUPERUTALENTOWANYCH ZAWODNIK\u00d3W AKADEMII DO PIERWSZEGO ZESPO\u0141U"},"content":{"rendered":"<p>&nbsp;<\/p>\n<p>Motor Lublin oficjalnie w\u0142\u0105czy\u0142 pi\u0119ciu niezwykle utalentowanych zawodnik\u00f3w z akademii do pierwszego zespo\u0142u, daj\u0105c im szans\u0119 na wykonanie kolejnego wa\u017cnego kroku w swojej pi\u0142karskiej karierze.<\/p>\n<p>&nbsp;<\/p>\n<p>Decyzja ta pokazuje, \u017ce klub przywi\u0105zuje du\u017c\u0105 wag\u0119 do rozwoju m\u0142odych talent\u00f3w i chce stworzy\u0107 im realn\u0105 drog\u0119 do profesjonalnej pi\u0142ki.<\/p>\n<p>&nbsp;<\/p>\n<p>Ca\u0142a pi\u0105tka otrzyma teraz mo\u017cliwo\u015b\u0107 trenowania i rozwijania swoich umiej\u0119tno\u015bci w bardziej wymagaj\u0105cym \u015brodowisku, razem z zawodnikami pierwszego zespo\u0142u.<\/p>\n<p>&nbsp;<\/p>\n<p>Dla m\u0142odych pi\u0142karzy jest to ogromna szansa, aby zaprezentowa\u0107 swoje umiej\u0119tno\u015bci i udowodni\u0107, \u017ce s\u0105 gotowi rywalizowa\u0107 na najwy\u017cszym poziomie.<\/p>\n<p>&nbsp;<\/p>\n<p>Motor Lublin nadal stawia na swoj\u0105 akademi\u0119, a tego typu decyzje mog\u0105 odegra\u0107 bardzo wa\u017cn\u0105 rol\u0119 w przysz\u0142o\u015bci klubu.<\/p>\n<p>&nbsp;<\/p>\n<p>Do\u0142\u0105czenie do pierwszego zespo\u0142u zapewni m\u0142odym zawodnikom cenne do\u015bwiadczenie oraz pozwoli im przyzwyczai\u0107 si\u0119 do intensywno\u015bci i wymaga\u0144 profesjonalnego futbolu.<\/p>\n<p>&nbsp;<\/p>\n<p>Kibice Motoru Lublin z pewno\u015bci\u0105 b\u0119d\u0105 uwa\u017cnie \u015bledzi\u0107 rozw\u00f3j pi\u0119ciu m\u0142odych zawodnik\u00f3w i czeka\u0107 na to, czy kt\u00f3ry\u015b z nich zdo\u0142a w przysz\u0142o\u015bci sta\u0107 si\u0119 kolejn\u0105 wielk\u0105 gwiazd\u0105 klubu.<\/p>\n<p>&nbsp;<\/p>\n<p>To r\u00f3wnie\u017c jasny sygna\u0142, \u017ce Motor Lublin chce inwestowa\u0107 nie tylko w tera\u017aniejszo\u015b\u0107, ale r\u00f3wnie\u017c w przysz\u0142o\u015b\u0107, daj\u0105c swoim wychowankom realn\u0105 szans\u0119 na przebicie si\u0119 do seniorskiej pi\u0142ki.<\/p>\n<p>&nbsp;<\/p>\n<p>\ud83d\udea8\ud83d\udfe1\ud83d\udd34 PI\u0118CIU NOWYCH TALENT\u00d3W W PIERWSZYM ZESPOLE MOTORU LUBLIN! Polski klub oficjalnie w\u0142\u0105czy\u0142 pi\u0119ciu wyj\u0105tkowo utalentowanych zawodnik\u00f3w z akademii do seniorskiej dru\u017cyny, otwieraj\u0105c przed nimi drzwi do walki o miejsce w pierwszym sk\u0142adzie.<\/p>\n<p>&nbsp;<\/p>\n<p>To mo\u017ce by\u0107 pocz\u0105tek niezwykle ciekawej przygody dla ca\u0142ej pi\u0105tki, poniewa\u017c Motor Lublin daje m\u0142odym zawodnikom mo\u017cliwo\u015b\u0107 udowodnienia swojej warto\u015bci u boku pi\u0142karzy pierwszego zespo\u0142u.<\/p>\n<p>&nbsp;<\/p>\n<p>.<\/p>\n","protected":false},"excerpt":{"rendered":"<div class=\"mh-excerpt\"><p>&nbsp; Motor Lublin oficjalnie w\u0142\u0105czy\u0142 pi\u0119ciu niezwykle utalentowanych zawodnik\u00f3w z akademii do pierwszego zespo\u0142u, daj\u0105c im szans\u0119 na wykonanie kolejnego wa\u017cnego kroku w swojej pi\u0142karskiej <a class=\"mh-excerpt-more\" href=\"https:\/\/soccer90mins.com\/?p=36347\" title=\"\ud83d\udea8 MOTOR LUBLIN OFICJALNIE DODA\u0141 5 SUPERUTALENTOWANYCH ZAWODNIK\u00d3W AKADEMII DO PIERWSZEGO ZESPO\u0141U\">[&#8230;]<\/a><\/p>\n<\/div>","protected":false},"author":10,"featured_media":36348,"comment_status":"open","ping_status":"open","sticky":false,"template":"","format":"standard","meta":{"_jetpack_newsletter_access":"","_jetpack_dont_email_post_to_subs":false,"_jetpack_newsletter_tier_id":0,"_jetpack_memberships_contains_paywalled_content":false,"_jetpack_feature_clip_id":0,"_jetpack_memberships_contains_paid_content":false,"footnotes":"","jetpack_post_was_ever_published":false},"categories":[304],"tags":[],"class_list":["post-36347","post","type-post","status-publish","format-standard","has-post-thumbnail","hentry","category-football"],"jetpack_sharing_enabled":true,"jetpack_featured_media_url":"https:\/\/soccer90mins.com\/wp-content\/uploads\/2026\/09\/images-36.jpeg","_links":{"self":[{"href":"https:\/\/soccer90mins.com\/index.php?rest_route=\/wp\/v2\/posts\/36347","targetHints":{"allow":["GET"]}}],"collection":[{"href":"https:\/\/soccer90mins.com\/index.php?rest_route=\/wp\/v2\/posts"}],"about":[{"href":"https:\/\/soccer90mins.com\/index.php?rest_route=\/wp\/v2\/types\/post"}],"author":[{"embeddable":true,"href":"https:\/\/soccer90mins.com\/index.php?rest_route=\/wp\/v2\/users\/10"}],"replies":[{"embeddable":true,"href":"https:\/\/soccer90mins.com\/index.php?rest_route=%2Fwp%2Fv2%2Fcomments&post=36347"}],"version-history":[{"count":1,"href":"https:\/\/soccer90mins.com\/index.php?rest_route=\/wp\/v2\/posts\/36347\/revisions"}],"predecessor-version":[{"id":36349,"href":"https:\/\/soccer90mins.com\/index.php?rest_route=\/wp\/v2\/posts\/36347\/revisions\/36349"}],"wp:featuredmedia":[{"embeddable":true,"href":"https:\/\/soccer90mins.com\/index.php?rest_route=\/wp\/v2\/media\/36348"}],"wp:attachment":[{"href":"https:\/\/soccer90mins.com\/index.php?rest_route=%2Fwp%2Fv2%2Fmedia&parent=36347"}],"wp:term":[{"taxonomy":"category","embeddable":true,"href":"https:\/\/soccer90mins.com\/index.php?rest_route=%2Fwp%2Fv2%2Fcategories&post=36347"},{"taxonomy":"post_tag","embeddable":true,"href":"https:\/\/soccer90mins.com\/index.php?rest_route=%2Fwp%2Fv2%2Ftags&post=36347"}],"curies":[{"name":"wp","href":"https:\/\/api.w.org\/{rel}","templated":true}]}}