{"id":36446,"date":"2026-09-05T07:20:41","date_gmt":"2026-09-05T07:20:41","guid":{"rendered":"https:\/\/soccer90mins.com\/?p=36446"},"modified":"2026-09-05T07:20:41","modified_gmt":"2026-09-05T07:20:41","slug":"%f0%9f%9a%a8-motor-lublin-osiagnal-porozumienie-w-sprawie-transferu-dwoch-ofensywnych-pomocnikow-ktorzy-w-przeszlosci-byli-zwiazani-odpowiednio-z-psg-i-manchester-city-wkrotce-oficjalne-ogloszenie","status":"publish","type":"post","link":"https:\/\/soccer90mins.com\/?p=36446","title":{"rendered":"\ud83d\udea8 MOTOR LUBLIN OSI\u0104GN\u0104\u0141 POROZUMIENIE W SPRAWIE TRANSFERU DW\u00d3CH OFENSYWNYCH POMOCNIK\u00d3W, KT\u00d3RZY W PRZESZ\u0141O\u015aCI BYLI ZWI\u0104ZANI ODPOWIEDNIO Z PSG I MANCHESTER CITY, WKR\u00d3TCE OFICJALNE OG\u0141OSZENIE"},"content":{"rendered":"<p>&nbsp;<\/p>\n<p>\ud83d\udea8 WIELKA BOMBA! Motor Lublin, wed\u0142ug przekazanych informacji, osi\u0105gn\u0105\u0142 porozumienie w sprawie transferu dw\u00f3ch ofensywnych pomocnik\u00f3w. Obaj zawodnicy maj\u0105 za sob\u0105 odpowiednio pobyt w strukturach szkoleniowych lub rozwojowych europejskich gigant\u00f3w \u2014 Paris Saint-Germain i Manchesteru City.<\/p>\n<p>&nbsp;<\/p>\n<p>Wed\u0142ug przekazanych informacji polski klub osi\u0105gn\u0105\u0142 porozumienie z oboma zawodnikami, a oficjalnego komunikatu Motoru Lublin mo\u017cna spodziewa\u0107 si\u0119 ju\u017c wkr\u00f3tce.<\/p>\n<p>&nbsp;<\/p>\n<p>Podw\u00f3jny transfer mo\u017ce by\u0107 bardzo mocnym sygna\u0142em ambicji Motoru Lublin, szczeg\u00f3lnie \u017ce klub chce zwi\u0119kszy\u0107 kreatywno\u015b\u0107, jako\u015b\u0107 techniczn\u0105 i mo\u017cliwo\u015bci ofensywne swojej kadry.<\/p>\n<p>&nbsp;<\/p>\n<p>Jeden z pomocnik\u00f3w ma mie\u0107 przesz\u0142o\u015b\u0107 zwi\u0105zan\u0105 z PSG, podczas gdy drugi przeszed\u0142 przez struktury Manchesteru City. To nadaje obu potencjalnym nowym zawodnikom bardzo interesuj\u0105cy profil.<\/p>\n<p>&nbsp;<\/p>\n<p>Motor Lublin ma postrzega\u0107 obu pi\u0142karzy jako warto\u015bciowe wzmocnienia, kt\u00f3re mog\u0105 wnie\u015b\u0107 r\u00f3\u017cne atuty do ofensywy i zwi\u0119kszy\u0107 rywalizacj\u0119 o miejsce w sk\u0142adzie.<\/p>\n<p>&nbsp;<\/p>\n<p>Jednoczesne sprowadzenie dw\u00f3ch ofensywnych pomocnik\u00f3w z pewno\u015bci\u0105 wywo\u0142a\u0142oby ogromne emocje w\u015br\u00f3d kibic\u00f3w Motoru Lublin, szczeg\u00f3lnie je\u015bli klub rzeczywi\u015bcie przygotowuje si\u0119 do oficjalnego og\u0142oszenia transfer\u00f3w.<\/p>\n<p>&nbsp;<\/p>\n<p>Powi\u0105zania obu zawodnik\u00f3w z PSG i Manchesterem City r\u00f3wnie\u017c mog\u0105 przyci\u0105gn\u0105\u0107 du\u017c\u0105 uwag\u0119, poniewa\u017c oba kluby s\u0142yn\u0105 z rozwijania utalentowanych technicznie pi\u0142karzy.<\/p>\n<p>&nbsp;<\/p>\n<p>Dla Motoru Lublin te porozumienia mog\u0105 by\u0107 cz\u0119\u015bci\u0105 szerszej strategii wzmacniania zespo\u0142u zawodnikami o du\u017cym potencjale, kt\u00f3rzy mieli okazj\u0119 rozwija\u0107 si\u0119 w \u015brodowisku europejskiego futbolu na najwy\u017cszym poziomie.<\/p>\n<p>&nbsp;<\/p>\n<p>Teraz najwi\u0119kszym pytaniem pozostaje moment oficjalnego og\u0142oszenia. Kibice z niecierpliwo\u015bci\u0105 czekaj\u0105, a\u017c Motor Lublin ujawni nazwiska dw\u00f3ch ofensywnych pomocnik\u00f3w i potwierdzi szczeg\u00f3\u0142y porozumie\u0144.<\/p>\n<p>&nbsp;<\/p>\n<p>\ud83d\udea8\ud83d\udfe1\ud83d\udd34 DW\u00d3CH NOWYCH OFENSYWNYCH POMOCNIK\u00d3W NA HORYZONCIE! Motor Lublin, wed\u0142ug przekazanych informacji, osi\u0105gn\u0105\u0142 porozumienie z dwoma zawodnikami maj\u0105cymi odpowiednio przesz\u0142o\u015b\u0107 w PSG i Manchesterze City. Oficjalny komunikat klubu ma pojawi\u0107 si\u0119 ju\u017c wkr\u00f3tce.<\/p>\n<p>&nbsp;<\/p>\n<p>Kolejne wielkie og\u0142oszenie z Lublina mo\u017ce wi\u0119c przynie\u015b\u0107 kibicom ogromn\u0105 niespodziank\u0119.<\/p>\n<p>&nbsp;<\/p>\n<p>&nbsp;<\/p>\n","protected":false},"excerpt":{"rendered":"<div class=\"mh-excerpt\"><p>&nbsp; \ud83d\udea8 WIELKA BOMBA! Motor Lublin, wed\u0142ug przekazanych informacji, osi\u0105gn\u0105\u0142 porozumienie w sprawie transferu dw\u00f3ch ofensywnych pomocnik\u00f3w. Obaj zawodnicy maj\u0105 za sob\u0105 odpowiednio pobyt w <a class=\"mh-excerpt-more\" href=\"https:\/\/soccer90mins.com\/?p=36446\" title=\"\ud83d\udea8 MOTOR LUBLIN OSI\u0104GN\u0104\u0141 POROZUMIENIE W SPRAWIE TRANSFERU DW\u00d3CH OFENSYWNYCH POMOCNIK\u00d3W, KT\u00d3RZY W PRZESZ\u0141O\u015aCI BYLI ZWI\u0104ZANI ODPOWIEDNIO Z PSG I MANCHESTER CITY, WKR\u00d3TCE OFICJALNE OG\u0141OSZENIE\">[&#8230;]<\/a><\/p>\n<\/div>","protected":false},"author":10,"featured_media":36447,"comment_status":"open","ping_status":"open","sticky":false,"template":"","format":"standard","meta":{"_jetpack_newsletter_access":"","_jetpack_dont_email_post_to_subs":false,"_jetpack_newsletter_tier_id":0,"_jetpack_memberships_contains_paywalled_content":false,"_jetpack_feature_clip_id":0,"_jetpack_memberships_contains_paid_content":false,"footnotes":"","jetpack_post_was_ever_published":false},"categories":[304],"tags":[],"class_list":["post-36446","post","type-post","status-publish","format-standard","has-post-thumbnail","hentry","category-football"],"jetpack_sharing_enabled":true,"jetpack_featured_media_url":"https:\/\/soccer90mins.com\/wp-content\/uploads\/2026\/09\/1788442602327-1.jpg","_links":{"self":[{"href":"https:\/\/soccer90mins.com\/index.php?rest_route=\/wp\/v2\/posts\/36446","targetHints":{"allow":["GET"]}}],"collection":[{"href":"https:\/\/soccer90mins.com\/index.php?rest_route=\/wp\/v2\/posts"}],"about":[{"href":"https:\/\/soccer90mins.com\/index.php?rest_route=\/wp\/v2\/types\/post"}],"author":[{"embeddable":true,"href":"https:\/\/soccer90mins.com\/index.php?rest_route=\/wp\/v2\/users\/10"}],"replies":[{"embeddable":true,"href":"https:\/\/soccer90mins.com\/index.php?rest_route=%2Fwp%2Fv2%2Fcomments&post=36446"}],"version-history":[{"count":1,"href":"https:\/\/soccer90mins.com\/index.php?rest_route=\/wp\/v2\/posts\/36446\/revisions"}],"predecessor-version":[{"id":36448,"href":"https:\/\/soccer90mins.com\/index.php?rest_route=\/wp\/v2\/posts\/36446\/revisions\/36448"}],"wp:featuredmedia":[{"embeddable":true,"href":"https:\/\/soccer90mins.com\/index.php?rest_route=\/wp\/v2\/media\/36447"}],"wp:attachment":[{"href":"https:\/\/soccer90mins.com\/index.php?rest_route=%2Fwp%2Fv2%2Fmedia&parent=36446"}],"wp:term":[{"taxonomy":"category","embeddable":true,"href":"https:\/\/soccer90mins.com\/index.php?rest_route=%2Fwp%2Fv2%2Fcategories&post=36446"},{"taxonomy":"post_tag","embeddable":true,"href":"https:\/\/soccer90mins.com\/index.php?rest_route=%2Fwp%2Fv2%2Ftags&post=36446"}],"curies":[{"name":"wp","href":"https:\/\/api.w.org\/{rel}","templated":true}]}}