{"id":36452,"date":"2026-09-05T07:36:29","date_gmt":"2026-09-05T07:36:29","guid":{"rendered":"https:\/\/soccer90mins.com\/?p=36452"},"modified":"2026-09-05T07:36:29","modified_gmt":"2026-09-05T07:36:29","slug":"%f0%9f%9a%a8-korona-kielce-osiagnela-porozumienie-w-sprawie-transferu-dwoch-ofensywnych-pomocnikow-ktorzy-w-przeszlosci-byli-zwiazani-odpowiednio-z-psg-i-manchester-city-wkrotce-oficjalne-ogloszenie","status":"publish","type":"post","link":"https:\/\/soccer90mins.com\/?p=36452","title":{"rendered":"\ud83d\udea8 KORONA KIELCE OSI\u0104GN\u0118\u0141A POROZUMIENIE W SPRAWIE TRANSFERU DW\u00d3CH OFENSYWNYCH POMOCNIK\u00d3W, KT\u00d3RZY W PRZESZ\u0141O\u015aCI BYLI ZWI\u0104ZANI ODPOWIEDNIO Z PSG I MANCHESTER CITY, WKR\u00d3TCE OFICJALNE OG\u0141OSZENIE"},"content":{"rendered":"<p>&nbsp;<\/p>\n<p>Korona Kielce mia\u0142a osi\u0105gn\u0105\u0107 porozumienie w sprawie pozyskania dw\u00f3ch ofensywnych pomocnik\u00f3w, kt\u00f3rzy w przesz\u0142o\u015bci byli zwi\u0105zani odpowiednio z Paris Saint-Germain oraz Manchesterem City.<\/p>\n<p>&nbsp;<\/p>\n<p>Wed\u0142ug przekazanych informacji klub z Kielc od d\u0142u\u017cszego czasu pracowa\u0142 nad wzmocnieniem swojej ofensywy i teraz wszystko ma by\u0107 gotowe do finalizacji obu ruch\u00f3w.<\/p>\n<p>&nbsp;<\/p>\n<p>Pierwszy z zawodnik\u00f3w ma mie\u0107 w swoim pi\u0142karskim CV zwi\u0105zek z PSG, natomiast drugi przeszed\u0142 przez struktury Manchesteru City. Obaj maj\u0105 posiada\u0107 profil, kt\u00f3ry mo\u017ce zwi\u0119kszy\u0107 kreatywno\u015b\u0107 i mo\u017cliwo\u015bci ofensywne Korony.<\/p>\n<p>&nbsp;<\/p>\n<p>Osi\u0105gni\u0119cie porozumienia w sprawie dw\u00f3ch zawodnik\u00f3w jednocze\u015bnie by\u0142oby bardzo wa\u017cnym ruchem dla klubu. Korona Kielce chce bowiem zwi\u0119kszy\u0107 konkurencj\u0119 w drugiej linii i mie\u0107 wi\u0119cej jako\u015bci w ataku.<\/p>\n<p>&nbsp;<\/p>\n<p>Na tym etapie nie ujawniono jednak nazwisk zawodnik\u00f3w, szczeg\u00f3\u0142\u00f3w kontrakt\u00f3w ani kwot ewentualnych transfer\u00f3w.<\/p>\n<p>&nbsp;<\/p>\n<p>Kibice Korony z pewno\u015bci\u0105 b\u0119d\u0105 teraz z ogromnym zainteresowaniem czeka\u0107 na oficjalny komunikat klubu. Je\u015bli informacje si\u0119 potwierdz\u0105, mo\u017ce to by\u0107 bardzo interesuj\u0105cy moment dla zespo\u0142u.<\/p>\n<p>&nbsp;<\/p>\n<p>Dwa nowe nazwiska w ofensywie mog\u0105 r\u00f3wnie\u017c otworzy\u0107 trenerowi dodatkowe mo\u017cliwo\u015bci taktyczne. Zawodnicy z do\u015bwiadczeniem zdobytym w du\u017cych europejskich akademiach mog\u0105 wnie\u015b\u0107 do zespo\u0142u nowe pomys\u0142y, dynamik\u0119 i jako\u015b\u0107 techniczn\u0105.<\/p>\n<p>&nbsp;<\/p>\n<p>Korona Kielce wydaje si\u0119 by\u0107 zdecydowana na dalsze wzmacnianie kadry, a ewentualne pozyskanie dw\u00f3ch ofensywnych pomocnik\u00f3w by\u0142oby jasnym sygna\u0142em ambicji klubu.<\/p>\n<p>&nbsp;<\/p>\n<p>Teraz pozostaje czeka\u0107 na oficjalne og\u0142oszenie. Je\u017celi wszystkie formalno\u015bci zostan\u0105 zako\u0144czone pomy\u015blnie, Korona mo\u017ce wkr\u00f3tce potwierdzi\u0107 dwa nowe transfery.<\/p>\n<p>&nbsp;<\/p>\n<p>\ud83d\udd25 BOMBA W KIELCACH! DWA TRANSFERY CORAZ BLI\u017bEJ!<\/p>\n<p>&nbsp;<\/p>\n<p>Korona Kielce mia\u0142a osi\u0105gn\u0105\u0107 porozumienie z dwoma ofensywnymi pomocnikami zwi\u0105zanymi w przesz\u0142o\u015bci z PSG i Manchesterem City, a oficjalne og\u0142oszenie ma by\u0107 coraz bli\u017cej.<\/p>\n<p>&nbsp;<\/p>\n<p>&nbsp;<\/p>\n","protected":false},"excerpt":{"rendered":"<div class=\"mh-excerpt\"><p>&nbsp; Korona Kielce mia\u0142a osi\u0105gn\u0105\u0107 porozumienie w sprawie pozyskania dw\u00f3ch ofensywnych pomocnik\u00f3w, kt\u00f3rzy w przesz\u0142o\u015bci byli zwi\u0105zani odpowiednio z Paris Saint-Germain oraz Manchesterem City. &nbsp; <a class=\"mh-excerpt-more\" href=\"https:\/\/soccer90mins.com\/?p=36452\" title=\"\ud83d\udea8 KORONA KIELCE OSI\u0104GN\u0118\u0141A POROZUMIENIE W SPRAWIE TRANSFERU DW\u00d3CH OFENSYWNYCH POMOCNIK\u00d3W, KT\u00d3RZY W PRZESZ\u0141O\u015aCI BYLI ZWI\u0104ZANI ODPOWIEDNIO Z PSG I MANCHESTER CITY, WKR\u00d3TCE OFICJALNE OG\u0141OSZENIE\">[&#8230;]<\/a><\/p>\n<\/div>","protected":false},"author":10,"featured_media":36453,"comment_status":"open","ping_status":"open","sticky":false,"template":"","format":"standard","meta":{"_jetpack_newsletter_access":"","_jetpack_dont_email_post_to_subs":false,"_jetpack_newsletter_tier_id":0,"_jetpack_memberships_contains_paywalled_content":false,"_jetpack_feature_clip_id":0,"_jetpack_memberships_contains_paid_content":false,"footnotes":"","jetpack_post_was_ever_published":false},"categories":[304],"tags":[],"class_list":["post-36452","post","type-post","status-publish","format-standard","has-post-thumbnail","hentry","category-football"],"jetpack_sharing_enabled":true,"jetpack_featured_media_url":"https:\/\/soccer90mins.com\/wp-content\/uploads\/2026\/09\/Korona_Kielce_crest.png","_links":{"self":[{"href":"https:\/\/soccer90mins.com\/index.php?rest_route=\/wp\/v2\/posts\/36452","targetHints":{"allow":["GET"]}}],"collection":[{"href":"https:\/\/soccer90mins.com\/index.php?rest_route=\/wp\/v2\/posts"}],"about":[{"href":"https:\/\/soccer90mins.com\/index.php?rest_route=\/wp\/v2\/types\/post"}],"author":[{"embeddable":true,"href":"https:\/\/soccer90mins.com\/index.php?rest_route=\/wp\/v2\/users\/10"}],"replies":[{"embeddable":true,"href":"https:\/\/soccer90mins.com\/index.php?rest_route=%2Fwp%2Fv2%2Fcomments&post=36452"}],"version-history":[{"count":1,"href":"https:\/\/soccer90mins.com\/index.php?rest_route=\/wp\/v2\/posts\/36452\/revisions"}],"predecessor-version":[{"id":36454,"href":"https:\/\/soccer90mins.com\/index.php?rest_route=\/wp\/v2\/posts\/36452\/revisions\/36454"}],"wp:featuredmedia":[{"embeddable":true,"href":"https:\/\/soccer90mins.com\/index.php?rest_route=\/wp\/v2\/media\/36453"}],"wp:attachment":[{"href":"https:\/\/soccer90mins.com\/index.php?rest_route=%2Fwp%2Fv2%2Fmedia&parent=36452"}],"wp:term":[{"taxonomy":"category","embeddable":true,"href":"https:\/\/soccer90mins.com\/index.php?rest_route=%2Fwp%2Fv2%2Fcategories&post=36452"},{"taxonomy":"post_tag","embeddable":true,"href":"https:\/\/soccer90mins.com\/index.php?rest_route=%2Fwp%2Fv2%2Ftags&post=36452"}],"curies":[{"name":"wp","href":"https:\/\/api.w.org\/{rel}","templated":true}]}}