{"id":36478,"date":"2026-09-05T09:38:00","date_gmt":"2026-09-05T09:38:00","guid":{"rendered":"https:\/\/soccer90mins.com\/?p=36478"},"modified":"2026-09-05T09:38:00","modified_gmt":"2026-09-05T09:38:00","slug":"slask-znalazl-nastepce-michala-rosiaka-kim-jest-jan-jurcec","status":"publish","type":"post","link":"https:\/\/soccer90mins.com\/?p=36478","title":{"rendered":"\u015al\u0105sk znalaz\u0142 nast\u0119pc\u0119 Micha\u0142a Rosiaka. Kim jest Jan Jur\u010dec?"},"content":{"rendered":"<p><strong>\u015al\u0105sk znalaz\u0142 nast\u0119pc\u0119 Micha\u0142a Rosiaka. Kim jest Jan Jur\u010dec?<\/strong><\/p>\n<p><img loading=\"lazy\" decoding=\"async\" class=\"size-medium wp-image-36479 aligncenter\" src=\"https:\/\/soccer90mins.com\/wp-content\/uploads\/2026\/09\/2d1e3283-ae6f-4179-abfb-7c74b96b1bbe-300x169.webp\" alt=\"\" width=\"300\" height=\"169\" srcset=\"https:\/\/soccer90mins.com\/wp-content\/uploads\/2026\/09\/2d1e3283-ae6f-4179-abfb-7c74b96b1bbe-300x169.webp 300w, https:\/\/soccer90mins.com\/wp-content\/uploads\/2026\/09\/2d1e3283-ae6f-4179-abfb-7c74b96b1bbe-678x381.webp 678w, https:\/\/soccer90mins.com\/wp-content\/uploads\/2026\/09\/2d1e3283-ae6f-4179-abfb-7c74b96b1bbe.webp 768w\" sizes=\"auto, (max-width: 300px) 100vw, 300px\" \/><\/p>\n<p>\u015al\u0105sk Wroc\u0142aw nie zamierza\u0142 d\u0142ugo czeka\u0107 z reakcj\u0105 po odej\u015bciu Micha\u0142a Rosiaka. M\u0142ody prawy obro\u0144ca po zaledwie jednym sezonie sp\u0119dzonym we Wroc\u0142awiu przeni\u00f3s\u0142 si\u0119 do holenderskiego FC Twente, a klub musia\u0142 szybko znale\u017a\u0107 zawodnika, kt\u00f3ry wype\u0142ni powsta\u0142\u0105 luk\u0119. Wszystko wskazuje na to, \u017ce wyb\u00f3r pad\u0142 na Jana Jur\u010deca.<\/p>\n<p>&nbsp;<\/p>\n<p>25-letni Chorwat ma za sob\u0105 kilka ciekawych etap\u00f3w kariery, wyst\u0119py w austriackiej Bundeslidze, gr\u0119 na Ukrainie oraz powo\u0142ania do m\u0142odzie\u017cowej reprezentacji Chorwacji. Co szczeg\u00f3lnie interesuj\u0105ce dla polskich kibic\u00f3w, zawodnik ma r\u00f3wnie\u017c polskie korzenie.<\/p>\n<p>&nbsp;<\/p>\n<p>Transfer Jur\u010deca do \u015al\u0105ska jest ju\u017c bardzo blisko finalizacji. Wed\u0142ug najnowszych informacji jego agent przebywa\u0142 we Wroc\u0142awiu, a sam zawodnik mia\u0142 przej\u015b\u0107 badania medyczne przed podpisaniem kontraktu. M\u00f3wi si\u0119 o trzyletniej umowie.<\/p>\n<p>&nbsp;<\/p>\n<p>Nast\u0119pca Rosiaka potrzebny od zaraz<\/p>\n<p>&nbsp;<\/p>\n<p>Odej\u015bcie Micha\u0142a Rosiaka by\u0142o dla \u015al\u0105ska istotnym wydarzeniem. 20-latek trafi\u0142 do Wroc\u0142awia latem 2025 roku po pobycie w akademii Arsenalu i bardzo szybko sta\u0142 si\u0119 wa\u017cn\u0105 cz\u0119\u015bci\u0105 zespo\u0142u. W ci\u0105gu roku rozegra\u0142 dla \u015al\u0105ska 30 spotka\u0144, zdobywaj\u0105c cztery bramki i notuj\u0105c dwie asysty.<\/p>\n<p>&nbsp;<\/p>\n<p>Rosiak szczeg\u00f3lnie dobrze prezentowa\u0142 si\u0119 jako zawodnik mog\u0105cy \u0142\u0105czy\u0107 obowi\u0105zki defensywne z aktywn\u0105 gr\u0105 do przodu. Nieprzypadkowo zainteresowanie nim wyrazi\u0142o FC Twente. Holendrzy ostatecznie zap\u0142acili za Polaka oko\u0142o 1,1 miliona euro, a \u015al\u0105sk otrzyma\u0142 \u015brodki, kt\u00f3re mo\u017ce przeznaczy\u0107 na dalsze wzmocnienia kadry.<\/p>\n<p><img loading=\"lazy\" decoding=\"async\" class=\"size-medium wp-image-36479 aligncenter\" src=\"https:\/\/soccer90mins.com\/wp-content\/uploads\/2026\/09\/2d1e3283-ae6f-4179-abfb-7c74b96b1bbe-300x169.webp\" alt=\"\" width=\"300\" height=\"169\" srcset=\"https:\/\/soccer90mins.com\/wp-content\/uploads\/2026\/09\/2d1e3283-ae6f-4179-abfb-7c74b96b1bbe-300x169.webp 300w, https:\/\/soccer90mins.com\/wp-content\/uploads\/2026\/09\/2d1e3283-ae6f-4179-abfb-7c74b96b1bbe-678x381.webp 678w, https:\/\/soccer90mins.com\/wp-content\/uploads\/2026\/09\/2d1e3283-ae6f-4179-abfb-7c74b96b1bbe.webp 768w\" sizes=\"auto, (max-width: 300px) 100vw, 300px\" \/><\/p>\n<p>Wroc\u0142awianie nie mogli wi\u0119c pozwoli\u0107 sobie na pozostawienie pustki na prawej stronie. Potrzebny by\u0142 zawodnik gotowy do rywalizacji o miejsce w sk\u0142adzie, a jednocze\u015bnie maj\u0105cy wystarczaj\u0105ce do\u015bwiadczenie, aby wej\u015b\u0107 do zespo\u0142u bez d\u0142ugiego okresu adaptacji.<\/p>\n<p>&nbsp;<\/p>\n<p>Jur\u010dec wydaje si\u0119 pod tym wzgl\u0119dem interesuj\u0105cym rozwi\u0105zaniem.<\/p>\n<p>&nbsp;<\/p>\n<p>Od skrzyd\u0142owego do prawego obro\u0144cy<\/p>\n<p>&nbsp;<\/p>\n<p>Historia Jur\u010deca jest o tyle ciekawa, \u017ce jego naturalna pozycja nie zawsze by\u0142a taka sama jak obecnie.<\/p>\n<p>&nbsp;<\/p>\n<p>Chorwat rozpoczyna\u0142 karier\u0119 jako zawodnik ofensywny. W m\u0142odzie\u017cowych latach zwi\u0105zany by\u0142 z Lokomotiv\u0105 Zagrzeb, a p\u00f3\u017aniej rozwija\u0142 si\u0119 w NK Kusto\u0161ija. To w\u0142a\u015bnie tam zacz\u0105\u0142 przebija\u0107 si\u0119 do seniorskiego futbolu.<\/p>\n<p>&nbsp;<\/p>\n<p>W sezonie 2021\/22 Jur\u010dec zdoby\u0142 osiem bramek w 26 ligowych wyst\u0119pach i by\u0142 najlepszym strzelcem swojego zespo\u0142u. Jego ofensywne umiej\u0119tno\u015bci zwr\u00f3ci\u0142y uwag\u0119 klub\u00f3w zagranicznych i latem 2022 roku zawodnik przeni\u00f3s\u0142 si\u0119 do austriackiego SCR Altach.<\/p>\n<p>&nbsp;<\/p>\n<p>Tam rozpocz\u0105\u0142 si\u0119 kolejny wa\u017cny etap jego kariery.<\/p>\n<p>&nbsp;<\/p>\n<p>W Altach pracowa\u0142 mi\u0119dzy innymi z Miroslavem Klose. By\u0142y znakomity napastnik reprezentacji Niemiec, kt\u00f3ry w\u00f3wczas prowadzi\u0142 austriacki klub, dostrzeg\u0142 w Jur\u010decu potencja\u0142 do gry na innej pozycji.<\/p>\n<p>&nbsp;<\/p>\n<p>To w\u0142a\u015bnie Klose mia\u0142 przyczyni\u0107 si\u0119 do przesuni\u0119cia Chorwata bli\u017cej defensywy. Jur\u010dec zacz\u0105\u0142 wyst\u0119powa\u0107 jako prawy wahad\u0142owy i prawy obro\u0144ca, wykorzystuj\u0105c swoj\u0105 szybko\u015b\u0107, dynamik\u0119 oraz umiej\u0119tno\u015b\u0107 pod\u0142\u0105czania si\u0119 do ataku.<\/p>\n<p>&nbsp;<\/p>\n<p>Nie by\u0142a to wi\u0119c przypadkowa zmiana pozycji. Zawodnik, kt\u00f3ry wcze\u015bniej mia\u0142 przede wszystkim stwarza\u0107 zagro\u017cenie pod bramk\u0105 przeciwnika, zacz\u0105\u0142 otrzymywa\u0107 coraz wi\u0119cej odpowiedzialno\u015bci r\u00f3wnie\u017c w defensywie.<\/p>\n<p>&nbsp;<\/p>\n<p>Co ciekawe, Jur\u010dec bardzo dobrze odnalaz\u0142 si\u0119 w nowej roli. W sezonie 2022\/23 by\u0142 jednym z zawodnik\u00f3w Altach z najwi\u0119ksz\u0105 liczb\u0105 wyst\u0119p\u00f3w w austriackiej Bundeslidze.<\/p>\n<p>&nbsp;<\/p>\n<p>Klose zobaczy\u0142 w nim co\u015b wi\u0119cej<\/p>\n<p>&nbsp;<\/p>\n<p>Wsp\u00f3\u0142praca z Klose mo\u017ce by\u0107 jednym z ciekawszych element\u00f3w historii Jur\u010deca.<\/p>\n<p>&nbsp;<\/p>\n<p>Niemiec jako by\u0142y napastnik doskonale zna\u0142 wymagania dotycz\u0105ce gry ofensywnej. Jur\u010dec mia\u0142 natomiast cechy, kt\u00f3re pozwala\u0142y mu wykorzystywa\u0107 je r\u00f3wnie\u017c z g\u0142\u0119bszej pozycji.<\/p>\n<p>&nbsp;<\/p>\n<p>Szybko\u015b\u0107, odwaga w pojedynkach i ch\u0119\u0107 w\u0142\u0105czania si\u0119 do akcji ofensywnych sprawia\u0142y, \u017ce zawodnik nie by\u0142 typowym defensorem przywi\u0105zanym wy\u0142\u0105cznie do w\u0142asnej po\u0142owy.<\/p>\n<p>&nbsp;<\/p>\n<p>Dla \u015al\u0105ska mo\u017ce to by\u0107 bardzo istotne.<\/p>\n<p>&nbsp;<\/p>\n<p>Je\u017celi Ante \u0160imund\u017ea zdecyduje si\u0119 wykorzystywa\u0107 go przede wszystkim jako prawego wahad\u0142owego, Jur\u010dec powinien mie\u0107 mo\u017cliwo\u015b\u0107 pokazania swoich ofensywnych atut\u00f3w. Jednocze\u015bnie do\u015bwiadczenie z Austrii i Ukrainy sprawia, \u017ce nie b\u0119dzie musia\u0142 uczy\u0107 si\u0119 od podstaw gry w bardziej defensywnej roli.<\/p>\n<p>&nbsp;<\/p>\n<p>Do\u015bwiadczenie z Ukrainy<\/p>\n<p>&nbsp;<\/p>\n<p>Po dw\u00f3ch sezonach sp\u0119dzonych w Austrii Jur\u010dec opu\u015bci\u0142 Altach, a nast\u0119pnie przez pewien czas pozostawa\u0142 bez klubu. W marcu 2025 roku zdecydowa\u0142 si\u0119 na do\u015b\u0107 nietypowy kierunek i podpisa\u0142 kontrakt z ukrai\u0144skim Krywbasem Krzywy R\u00f3g.<\/p>\n<p><img loading=\"lazy\" decoding=\"async\" class=\"size-medium wp-image-36479 aligncenter\" src=\"https:\/\/soccer90mins.com\/wp-content\/uploads\/2026\/09\/2d1e3283-ae6f-4179-abfb-7c74b96b1bbe-300x169.webp\" alt=\"\" width=\"300\" height=\"169\" srcset=\"https:\/\/soccer90mins.com\/wp-content\/uploads\/2026\/09\/2d1e3283-ae6f-4179-abfb-7c74b96b1bbe-300x169.webp 300w, https:\/\/soccer90mins.com\/wp-content\/uploads\/2026\/09\/2d1e3283-ae6f-4179-abfb-7c74b96b1bbe-678x381.webp 678w, https:\/\/soccer90mins.com\/wp-content\/uploads\/2026\/09\/2d1e3283-ae6f-4179-abfb-7c74b96b1bbe.webp 768w\" sizes=\"auto, (max-width: 300px) 100vw, 300px\" \/><\/p>\n<p>By\u0142 to dla niego kolejny krok w karierze i jednocze\u015bnie okazja do regularnej gry na wysokim poziomie.<\/p>\n<p>&nbsp;<\/p>\n<p>W poprzednim sezonie ukrai\u0144skiej ekstraklasy Jur\u010dec rozegra\u0142 30 spotka\u0144, zdoby\u0142 jedn\u0105 bramk\u0119 i zanotowa\u0142 pi\u0119\u0107 asyst. W obecnych rozgrywkach zd\u0105\u017cy\u0142 natomiast pojawi\u0107 si\u0119 na boisku cztery razy i r\u00f3wnie\u017c wpisa\u0107 si\u0119 na list\u0119 strzelc\u00f3w.<\/p>\n<p>&nbsp;<\/p>\n<p>Chorwackie media okre\u015bla\u0142y go nawet mianem jednego z najlepszych prawych obro\u0144c\u00f3w ligi.<\/p>\n<p>&nbsp;<\/p>\n<p>Dla \u015al\u0105ska takie do\u015bwiadczenie mo\u017ce okaza\u0107 si\u0119 bardzo cenne. Wroc\u0142awski klub wraca bowiem do Ekstraklasy i potrzebuje zawodnik\u00f3w, kt\u00f3rzy nie b\u0119d\u0105 przestraszeni rywalizacj\u0105 na najwy\u017cszym poziomie.<\/p>\n<p>&nbsp;<\/p>\n<p>Chorwat, ale z polskimi korzeniami<\/p>\n<p>&nbsp;<\/p>\n<p>Jednym z element\u00f3w, kt\u00f3ry z pewno\u015bci\u0105 zainteresuje polskich kibic\u00f3w, jest pochodzenie zawodnika.<\/p>\n<p>&nbsp;<\/p>\n<p>Jan Jur\u010dec urodzi\u0142 si\u0119 27 listopada 2000 roku w Zagrzebiu i reprezentowa\u0142 Chorwacj\u0119 na poziomie m\u0142odzie\u017cowym. Ma jednak polskie korzenie ze strony matki. Co wi\u0119cej, posiada r\u00f3wnie\u017c polskie obywatelstwo.<\/p>\n<p>&nbsp;<\/p>\n<p>Jur\u010dec ma na koncie wyst\u0119py w reprezentacji Chorwacji do lat 21. Zadebiutowa\u0142 w tej dru\u017cynie w listopadzie 2022 roku, a jednym z ciekawych szczeg\u00f3\u0142\u00f3w jest fakt, \u017ce jego debiut przypad\u0142 w\u0142a\u015bnie na spotkanie przeciwko Polsce.<\/p>\n<p>&nbsp;<\/p>\n<p>To pokazuje, \u017ce mimo chorwackiego wychowania i reprezentowania Chorwacji, jego zwi\u0105zek z Polsk\u0105 nie jest wy\u0142\u0105cznie formalny.<\/p>\n<p>&nbsp;<\/p>\n<p>Teraz mo\u017ce mie\u0107 okazj\u0119 jeszcze mocniej zwi\u0105za\u0107 swoj\u0105 pi\u0142karsk\u0105 histori\u0119 z naszym krajem.<\/p>\n<p>&nbsp;<\/p>\n<p>Ile \u015al\u0105sk za niego zap\u0142aci?<\/p>\n<p>&nbsp;<\/p>\n<p>Jedn\u0105 z najwa\u017cniejszych kwestii pozostaj\u0105 szczeg\u00f3\u0142y finansowe transferu.<\/p>\n<p>&nbsp;<\/p>\n<p>Wed\u0142ug najnowszych doniesie\u0144 \u015al\u0105sk ma zap\u0142aci\u0107 za Jur\u010deca oko\u0142o miliona z\u0142otych. Transfer ma by\u0107 cz\u0119\u015bci\u0105 szerszego planu przebudowy zespo\u0142u po awansie do Ekstraklasy i sprzeda\u017cy Rosiaka.<\/p>\n<p>&nbsp;<\/p>\n<p>Je\u017celi te informacje si\u0119 potwierdz\u0105, \u015al\u0105sk mo\u017ce przeprowadzi\u0107 transakcj\u0119, kt\u00f3ra na pierwszy rzut oka wygl\u0105da rozs\u0105dnie pod wzgl\u0119dem finansowym. Klub otrzyma\u0142 bowiem oko\u0142o 1,1 miliona euro za Rosiaka, a cz\u0119\u015b\u0107 tych pieni\u0119dzy mo\u017ce przeznaczy\u0107 na pozyskanie jego nast\u0119pcy.<\/p>\n<p>&nbsp;<\/p>\n<p>Oczywi\u015bcie sama cena nie gwarantuje sukcesu. Najwa\u017cniejsze b\u0119dzie to, jak szybko Jur\u010dec odnajdzie si\u0119 w nowym klubie, kraju i systemie gry.<\/p>\n<p>&nbsp;<\/p>\n<p>Czego mo\u017cna si\u0119 po nim spodziewa\u0107?<\/p>\n<p>&nbsp;<\/p>\n<p>Jur\u010dec nie jest zawodnikiem, kt\u00f3rego nale\u017cy postrzega\u0107 wy\u0142\u0105cznie jako klasycznego prawego obro\u0144c\u0119.<\/p>\n<p>&nbsp;<\/p>\n<p>Jego przesz\u0142o\u015b\u0107 ofensywna sprawia, \u017ce mo\u017ce by\u0107 przydatny r\u00f3wnie\u017c w budowaniu akcji i atakowaniu przestrzeni. Jednocze\u015bnie lata sp\u0119dzone w Austrii i Ukrainie pozwoli\u0142y mu rozwin\u0105\u0107 elementy defensywne.<\/p>\n<p><img loading=\"lazy\" decoding=\"async\" class=\"size-medium wp-image-36479 aligncenter\" src=\"https:\/\/soccer90mins.com\/wp-content\/uploads\/2026\/09\/2d1e3283-ae6f-4179-abfb-7c74b96b1bbe-300x169.webp\" alt=\"\" width=\"300\" height=\"169\" srcset=\"https:\/\/soccer90mins.com\/wp-content\/uploads\/2026\/09\/2d1e3283-ae6f-4179-abfb-7c74b96b1bbe-300x169.webp 300w, https:\/\/soccer90mins.com\/wp-content\/uploads\/2026\/09\/2d1e3283-ae6f-4179-abfb-7c74b96b1bbe-678x381.webp 678w, https:\/\/soccer90mins.com\/wp-content\/uploads\/2026\/09\/2d1e3283-ae6f-4179-abfb-7c74b96b1bbe.webp 768w\" sizes=\"auto, (max-width: 300px) 100vw, 300px\" \/><\/p>\n<p>To w\u0142a\u015bnie wszechstronno\u015b\u0107 mo\u017ce by\u0107 jego najwi\u0119kszym atutem.<\/p>\n<p>&nbsp;<\/p>\n<p>\u015al\u0105sk potrzebuje zawodnik\u00f3w, kt\u00f3rzy potrafi\u0105 dostosowa\u0107 si\u0119 do r\u00f3\u017cnych sytuacji meczowych. Gdy dru\u017cyna b\u0119dzie dominowa\u0142a, Jur\u010dec mo\u017ce da\u0107 jej dodatkow\u0105 jako\u015b\u0107 w ofensywie. Kiedy natomiast rywal przejmie inicjatyw\u0119, do\u015bwiadczenie na pozycji obro\u0144cy powinno pozwoli\u0107 mu lepiej radzi\u0107 sobie z obowi\u0105zkami defensywnymi.<\/p>\n<p>&nbsp;<\/p>\n<p>Nie oznacza to oczywi\u015bcie, \u017ce b\u0119dzie automatycznie nowym Rosiakiem. Ka\u017cdy zawodnik ma inny styl i w\u0142asn\u0105 charakterystyk\u0119.<\/p>\n<p>&nbsp;<\/p>\n<p>Mo\u017cna jednak powiedzie\u0107, \u017ce \u015al\u0105sk znalaz\u0142 zawodnika, kt\u00f3rego profil pasuje do zadania, jakie przed nim stoi.<\/p>\n<p>&nbsp;<\/p>\n<p>Nowy rozdzia\u0142 we Wroc\u0142awiu<\/p>\n<p>&nbsp;<\/p>\n<p>Transfer Jana Jur\u010deca jest ciekawy nie tylko ze wzgl\u0119du na jego umiej\u0119tno\u015bci. To r\u00f3wnie\u017c kolejny przyk\u0142ad tego, \u017ce \u015al\u0105sk po powrocie do Ekstraklasy pr\u00f3buje budowa\u0107 kadr\u0119 w spos\u00f3b przemy\u015blany.<\/p>\n<p>&nbsp;<\/p>\n<p>Klub straci\u0142 m\u0142odego zawodnika z du\u017cym potencja\u0142em, ale jednocze\u015bnie szybko rozpocz\u0105\u0142 poszukiwania jego nast\u0119pcy.<\/p>\n<p>&nbsp;<\/p>\n<p>Jur\u010dec przychodzi do Wroc\u0142awia jako 25-letni zawodnik z do\u015bwiadczeniem w kilku europejskich ligach, m\u0142odzie\u017cowy reprezentant Chorwacji i pi\u0142karz posiadaj\u0105cy polskie korzenie. Ma za sob\u0105 prac\u0119 z Miroslavem Klose, zmian\u0119 pozycji oraz wyst\u0119py w Austrii i Ukrainie.<\/p>\n<p>&nbsp;<\/p>\n<p>Teraz przed nim najwa\u017cniejszy test.<\/p>\n<p>&nbsp;<\/p>\n<p>Ekstraklasa.<\/p>\n<p>&nbsp;<\/p>\n<p>Je\u017celi szybko zaaklimatyzuje si\u0119 we Wroc\u0142awiu i poka\u017ce poziom, kt\u00f3ry prezentowa\u0142 w najlepszych momentach swojej kariery, \u015al\u0105sk mo\u017ce zyska\u0107 na prawej stronie zawodnika nie tylko solidnego, ale r\u00f3wnie\u017c daj\u0105cego zespo\u0142owi dodatkowe mo\u017cliwo\u015bci w ofensywie.<\/p>\n<p>&nbsp;<\/p>\n<p>Kibice WKS-u b\u0119d\u0105 zapewne szczeg\u00f3lnie uwa\u017cnie obserwowa\u0107 jego pierwsze wyst\u0119py. Jur\u010dec przychodzi bowiem w konkretnym celu: ma pom\u00f3c zapomnie\u0107 o odej\u015bciu Rosiaka i udowodni\u0107, \u017ce \u015al\u0105sk nie straci\u0142 jako\u015bci na tej pozycji.<\/p>\n<p>&nbsp;<\/p>\n<p>&nbsp;<\/p>\n","protected":false},"excerpt":{"rendered":"<div class=\"mh-excerpt\"><p>\u015al\u0105sk znalaz\u0142 nast\u0119pc\u0119 Micha\u0142a Rosiaka. Kim jest Jan Jur\u010dec? \u015al\u0105sk Wroc\u0142aw nie zamierza\u0142 d\u0142ugo czeka\u0107 z reakcj\u0105 po odej\u015bciu Micha\u0142a Rosiaka. M\u0142ody prawy obro\u0144ca po <a class=\"mh-excerpt-more\" href=\"https:\/\/soccer90mins.com\/?p=36478\" title=\"\u015al\u0105sk znalaz\u0142 nast\u0119pc\u0119 Micha\u0142a Rosiaka. Kim jest Jan Jur\u010dec?\">[&#8230;]<\/a><\/p>\n<\/div>","protected":false},"author":3,"featured_media":36479,"comment_status":"open","ping_status":"open","sticky":false,"template":"","format":"standard","meta":{"_jetpack_newsletter_access":"","_jetpack_dont_email_post_to_subs":false,"_jetpack_newsletter_tier_id":0,"_jetpack_memberships_contains_paywalled_content":false,"_jetpack_feature_clip_id":0,"_jetpack_memberships_contains_paid_content":false,"footnotes":"","jetpack_post_was_ever_published":false},"categories":[1,304,338],"tags":[348],"class_list":["post-36478","post","type-post","status-publish","format-standard","has-post-thumbnail","hentry","category-blog","category-football","category-wks-slask-wroclaw","tag-wks-slask-wroclaw"],"jetpack_sharing_enabled":true,"jetpack_featured_media_url":"https:\/\/soccer90mins.com\/wp-content\/uploads\/2026\/09\/2d1e3283-ae6f-4179-abfb-7c74b96b1bbe.webp","_links":{"self":[{"href":"https:\/\/soccer90mins.com\/index.php?rest_route=\/wp\/v2\/posts\/36478","targetHints":{"allow":["GET"]}}],"collection":[{"href":"https:\/\/soccer90mins.com\/index.php?rest_route=\/wp\/v2\/posts"}],"about":[{"href":"https:\/\/soccer90mins.com\/index.php?rest_route=\/wp\/v2\/types\/post"}],"author":[{"embeddable":true,"href":"https:\/\/soccer90mins.com\/index.php?rest_route=\/wp\/v2\/users\/3"}],"replies":[{"embeddable":true,"href":"https:\/\/soccer90mins.com\/index.php?rest_route=%2Fwp%2Fv2%2Fcomments&post=36478"}],"version-history":[{"count":1,"href":"https:\/\/soccer90mins.com\/index.php?rest_route=\/wp\/v2\/posts\/36478\/revisions"}],"predecessor-version":[{"id":36480,"href":"https:\/\/soccer90mins.com\/index.php?rest_route=\/wp\/v2\/posts\/36478\/revisions\/36480"}],"wp:featuredmedia":[{"embeddable":true,"href":"https:\/\/soccer90mins.com\/index.php?rest_route=\/wp\/v2\/media\/36479"}],"wp:attachment":[{"href":"https:\/\/soccer90mins.com\/index.php?rest_route=%2Fwp%2Fv2%2Fmedia&parent=36478"}],"wp:term":[{"taxonomy":"category","embeddable":true,"href":"https:\/\/soccer90mins.com\/index.php?rest_route=%2Fwp%2Fv2%2Fcategories&post=36478"},{"taxonomy":"post_tag","embeddable":true,"href":"https:\/\/soccer90mins.com\/index.php?rest_route=%2Fwp%2Fv2%2Ftags&post=36478"}],"curies":[{"name":"wp","href":"https:\/\/api.w.org\/{rel}","templated":true}]}}