{"id":36642,"date":"2026-09-06T05:10:51","date_gmt":"2026-09-06T05:10:51","guid":{"rendered":"https:\/\/soccer90mins.com\/?p=36642"},"modified":"2026-09-06T05:10:51","modified_gmt":"2026-09-06T05:10:51","slug":"motor-lublin-osiagnal-pelne-porozumienie-w-sprawie-bardzo-doswiadczonego-pomocnika-fk-pardubice-davida-krcika-25-latek-uzgodnil-5-letni-kontrakt-motor-lublin-zaplaci-2-miliony-euro-za-talizmana","status":"publish","type":"post","link":"https:\/\/soccer90mins.com\/?p=36642","title":{"rendered":"MOTOR LUBLIN OSI\u0104GN\u0104\u0141 PE\u0141NE POROZUMIENIE W SPRAWIE BARDZO DO\u015aWIADCZONEGO POMOCNIKA FK PARDUBICE D\u00c1VIDA KR\u010c\u00cdKA, 25-LATEK UZGODNI\u0141 5-LETNI KONTRAKT, MOTOR LUBLIN ZAP\u0141ACI 2 MILIONY EURO ZA TALIZMANA"},"content":{"rendered":"<p>&nbsp;<\/p>\n<p>Motor Lublin, wed\u0142ug przekazanych informacji, osi\u0105gn\u0105\u0142 pe\u0142ne porozumienie w sprawie transferu pomocnika FK Pardubice D\u00e1vida Kr\u010d\u00edka. Transfer mo\u017ce sta\u0107 si\u0119 jednym z najbardziej interesuj\u0105cych wzmocnie\u0144 \u015brodka pola w klubie.<\/p>\n<p>&nbsp;<\/p>\n<p>25-letni zawodnik mia\u0142 uzgodni\u0107 pi\u0119cioletni kontrakt z Motorem Lublin, co podkre\u015bla d\u0142ugoterminowe zaufanie klubu do jego umiej\u0119tno\u015bci i potencja\u0142u.<\/p>\n<p>&nbsp;<\/p>\n<p>Wed\u0142ug przekazanych informacji Motor Lublin zap\u0142aci 2 miliony euro za podpis do\u015bwiadczonego pomocnika. By\u0142aby to znacz\u0105ca inwestycja w plany klubu na kolejne sezony.<\/p>\n<p>&nbsp;<\/p>\n<p>Kr\u010d\u00edk mia\u0142 ugruntowa\u0107 swoj\u0105 pozycj\u0119 jako ceniony zawodnik FK Pardubice, gdzie jego do\u015bwiadczenie i umiej\u0119tno\u015bci w \u015brodku pola uczyni\u0142y go wa\u017cn\u0105 postaci\u0105 zespo\u0142u.<\/p>\n<p>&nbsp;<\/p>\n<p>Motor Lublin mia\u0142 dzia\u0142a\u0107 zdecydowanie, aby zabezpieczy\u0107 jego podpis. Polski klub postrzega 25-latka jako zawodnika, kt\u00f3ry mo\u017ce wnie\u015b\u0107 do \u015brodka pola jako\u015b\u0107, charakter i stabilno\u015b\u0107.<\/p>\n<p>&nbsp;<\/p>\n<p>Pi\u0119cioletni kontrakt ma szczeg\u00f3lne znaczenie, poniewa\u017c mo\u017ce da\u0107 Kr\u010d\u00edkowi mo\u017cliwo\u015b\u0107 stania si\u0119 wa\u017cn\u0105 cz\u0119\u015bci\u0105 d\u0142ugoterminowego projektu Motoru Lublin.<\/p>\n<p>&nbsp;<\/p>\n<p>Dla kibic\u00f3w Motoru Lublin przybycie 25-letniego pomocnika z du\u017cym do\u015bwiadczeniem mo\u017ce oznacza\u0107 kolejn\u0105 interesuj\u0105c\u0105 opcj\u0119 w \u015brodku pola.<\/p>\n<p>&nbsp;<\/p>\n<p>Jego do\u015bwiadczenie mo\u017ce by\u0107 niezwykle cenne w r\u00f3\u017cnych sytuacjach taktycznych, szczeg\u00f3lnie w meczach, w kt\u00f3rych Motor Lublin b\u0119dzie potrzebowa\u0142 wi\u0119kszej kontroli, spokoju i jako\u015bci w \u015brodku boiska.<\/p>\n<p>&nbsp;<\/p>\n<p>Kwota 2 milion\u00f3w euro r\u00f3wnie\u017c pokazywa\u0142aby skal\u0119 ambicji klubu. Motor Lublin nie sprowadza\u0142by jedynie kr\u00f3tkoterminowego rozwi\u0105zania, lecz inwestowa\u0142by w zawodnika, kt\u00f3ry mo\u017ce odegra\u0107 wa\u017cn\u0105 rol\u0119 przez kilka kolejnych sezon\u00f3w.<\/p>\n<p>&nbsp;<\/p>\n<p>Dla Kr\u010d\u00edka transfer mo\u017ce by\u0107 jedn\u0105 z najwi\u0119kszych szans w jego dotychczasowej karierze. Pomocnik otrzyma\u0142by mo\u017cliwo\u015b\u0107 udowodnienia swojej warto\u015bci na nowym poziomie i gry przed du\u017c\u0105 publiczno\u015bci\u0105 w Polsce.<\/p>\n<p>&nbsp;<\/p>\n<p>Pi\u0119cioletnia umowa da mu wystarczaj\u0105co du\u017co czasu na adaptacj\u0119 do polskiego futbolu, walk\u0119 o miejsce w podstawowym sk\u0142adzie oraz stopniowe stanie si\u0119 jednym z kluczowych pomocnik\u00f3w zespo\u0142u.<\/p>\n<p>&nbsp;<\/p>\n<p>Motor Lublin nadal buduje dru\u017cyn\u0119 z ambicjami na krajowej scenie. Potencjalne sprowadzenie Kr\u010d\u00edka mo\u017ce idealnie wpisywa\u0107 si\u0119 w t\u0119 strategi\u0119.<\/p>\n<p>&nbsp;<\/p>\n<p>Wed\u0142ug przekazanych informacji pomocnik przygotowuje si\u0119 ju\u017c do kolejnego rozdzia\u0142u swojej kariery, a Polska mo\u017ce sta\u0107 si\u0119 jego nowym pi\u0142karskim domem, je\u015bli wszystkie formalno\u015bci zostan\u0105 sfinalizowane.<\/p>\n<p>&nbsp;<\/p>\n<p>\ud83d\udd25 2 MILIONY EURO. PI\u0118\u0106 LAT. JEDEN WIELKI RUCH.<\/p>\n<p>&nbsp;<\/p>\n<p>D\u00e1vid Kr\u010d\u00edk mo\u017ce wkr\u00f3tce za\u0142o\u017cy\u0107 \u017c\u00f3\u0142to-bia\u0142o-niebieskie barwy Motoru Lublin, po tym jak klub mia\u0142 osi\u0105gn\u0105\u0107 pe\u0142ne porozumienie z FK Pardubice.<\/p>\n<p>&nbsp;<\/p>\n<p>25-letni pomocnik mia\u0142 uzgodni\u0107 pi\u0119cioletni kontrakt, podczas gdy Motor Lublin ma zap\u0142aci\u0107 2 miliony euro za jego podpis.<\/p>\n<p>&nbsp;<\/p>\n<p>Dla kibic\u00f3w oczekiwanie b\u0119dzie teraz ogromne. Je\u015bli wszystko potoczy si\u0119 zgodnie z przekazanymi informacjami, Kr\u010d\u00edk mo\u017ce wkr\u00f3tce rozpocz\u0105\u0107 swoj\u0105 przygod\u0119 z Motorem Lublin i udowodni\u0107, \u017ce mo\u017ce sta\u0107 si\u0119 wa\u017cn\u0105 postaci\u0105 jednego z ambitnych klub\u00f3w polskiej pi\u0142ki.<\/p>\n<p>&nbsp;<\/p>\n","protected":false},"excerpt":{"rendered":"<div class=\"mh-excerpt\"><p>&nbsp; Motor Lublin, wed\u0142ug przekazanych informacji, osi\u0105gn\u0105\u0142 pe\u0142ne porozumienie w sprawie transferu pomocnika FK Pardubice D\u00e1vida Kr\u010d\u00edka. Transfer mo\u017ce sta\u0107 si\u0119 jednym z najbardziej interesuj\u0105cych <a class=\"mh-excerpt-more\" href=\"https:\/\/soccer90mins.com\/?p=36642\" title=\"MOTOR LUBLIN OSI\u0104GN\u0104\u0141 PE\u0141NE POROZUMIENIE W SPRAWIE BARDZO DO\u015aWIADCZONEGO POMOCNIKA FK PARDUBICE D\u00c1VIDA KR\u010c\u00cdKA, 25-LATEK UZGODNI\u0141 5-LETNI KONTRAKT, MOTOR LUBLIN ZAP\u0141ACI 2 MILIONY EURO ZA TALIZMANA\">[&#8230;]<\/a><\/p>\n<\/div>","protected":false},"author":10,"featured_media":36643,"comment_status":"open","ping_status":"open","sticky":false,"template":"","format":"standard","meta":{"_jetpack_newsletter_access":"","_jetpack_dont_email_post_to_subs":false,"_jetpack_newsletter_tier_id":0,"_jetpack_memberships_contains_paywalled_content":false,"_jetpack_feature_clip_id":0,"_jetpack_memberships_contains_paid_content":false,"footnotes":"","jetpack_post_was_ever_published":false},"categories":[304],"tags":[],"class_list":["post-36642","post","type-post","status-publish","format-standard","has-post-thumbnail","hentry","category-football"],"jetpack_sharing_enabled":true,"jetpack_featured_media_url":"https:\/\/soccer90mins.com\/wp-content\/uploads\/2026\/09\/IMG-20260905-WA0009.jpg","_links":{"self":[{"href":"https:\/\/soccer90mins.com\/index.php?rest_route=\/wp\/v2\/posts\/36642","targetHints":{"allow":["GET"]}}],"collection":[{"href":"https:\/\/soccer90mins.com\/index.php?rest_route=\/wp\/v2\/posts"}],"about":[{"href":"https:\/\/soccer90mins.com\/index.php?rest_route=\/wp\/v2\/types\/post"}],"author":[{"embeddable":true,"href":"https:\/\/soccer90mins.com\/index.php?rest_route=\/wp\/v2\/users\/10"}],"replies":[{"embeddable":true,"href":"https:\/\/soccer90mins.com\/index.php?rest_route=%2Fwp%2Fv2%2Fcomments&post=36642"}],"version-history":[{"count":1,"href":"https:\/\/soccer90mins.com\/index.php?rest_route=\/wp\/v2\/posts\/36642\/revisions"}],"predecessor-version":[{"id":36644,"href":"https:\/\/soccer90mins.com\/index.php?rest_route=\/wp\/v2\/posts\/36642\/revisions\/36644"}],"wp:featuredmedia":[{"embeddable":true,"href":"https:\/\/soccer90mins.com\/index.php?rest_route=\/wp\/v2\/media\/36643"}],"wp:attachment":[{"href":"https:\/\/soccer90mins.com\/index.php?rest_route=%2Fwp%2Fv2%2Fmedia&parent=36642"}],"wp:term":[{"taxonomy":"category","embeddable":true,"href":"https:\/\/soccer90mins.com\/index.php?rest_route=%2Fwp%2Fv2%2Fcategories&post=36642"},{"taxonomy":"post_tag","embeddable":true,"href":"https:\/\/soccer90mins.com\/index.php?rest_route=%2Fwp%2Fv2%2Ftags&post=36642"}],"curies":[{"name":"wp","href":"https:\/\/api.w.org\/{rel}","templated":true}]}}