{"id":36645,"date":"2026-09-06T05:19:52","date_gmt":"2026-09-06T05:19:52","guid":{"rendered":"https:\/\/soccer90mins.com\/?p=36645"},"modified":"2026-09-06T05:19:52","modified_gmt":"2026-09-06T05:19:52","slug":"union-saint-gilloise-bereikt-volledig-akkoord-over-fk-pardubice-middenvelder-david-krcik-de-25-jarige-heeft-een-contract-van-5-jaar-aanvaard-en-union-betaalt-2-miljoen-euro-voor-de-talisman","status":"publish","type":"post","link":"https:\/\/soccer90mins.com\/?p=36645","title":{"rendered":"UNION SAINT-GILLOISE BEREIKT VOLLEDIG AKKOORD OVER FK PARDUBICE-MIDDENVELDER D\u00c1VID KR\u010c\u00cdK, DE 25-JARIGE HEEFT EEN CONTRACT VAN 5 JAAR AANVAARD EN UNION BETAALT 2 MILJOEN EURO VOOR DE TALISMAN"},"content":{"rendered":"<p>&nbsp;<\/p>\n<p>Union Saint-Gilloise heeft volgens de verstrekte informatie een volledig akkoord bereikt over de transfer van FK Pardubice-middenvelder D\u00e1vid Kr\u010d\u00edk. De transfer kan uitgroeien tot een van de meest opvallende versterkingen voor het middenveld van de club.<\/p>\n<p>&nbsp;<\/p>\n<p>De 25-jarige middenvelder zou een vijfjarig contract bij Union hebben aanvaard, wat het vertrouwen van de Brusselse club in zijn kwaliteiten en potentieel onderstreept.<\/p>\n<p>&nbsp;<\/p>\n<p>Volgens de verstrekte informatie zal Union Saint-Gilloise 2 miljoen euro betalen om de ervaren middenvelder vast te leggen. Dat zou een belangrijke investering zijn in de sportieve plannen van de club voor de komende seizoenen.<\/p>\n<p>&nbsp;<\/p>\n<p>Kr\u010d\u00edk zou bij FK Pardubice zijn uitgegroeid tot een gewaardeerde speler. Zijn ervaring en kwaliteiten op het middenveld hebben hem volgens de verstrekte informatie tot een belangrijke figuur binnen de ploeg gemaakt.<\/p>\n<p>&nbsp;<\/p>\n<p>Union Saint-Gilloise zou vervolgens snel en vastberaden hebben gehandeld om zijn handtekening veilig te stellen. De club ziet de 25-jarige naar verluidt als een speler die kwaliteit, karakter en stabiliteit aan het middenveld kan toevoegen.<\/p>\n<p>&nbsp;<\/p>\n<p>Het vijfjarige contract zou Kr\u010d\u00edk de mogelijkheid geven om zich op lange termijn te ontwikkelen en een belangrijke rol te spelen binnen het project van Union Saint-Gilloise.<\/p>\n<p>&nbsp;<\/p>\n<p>Voor de supporters van Union zou de komst van een ervaren 25-jarige middenvelder een interessante extra optie betekenen voor het hart van de ploeg.<\/p>\n<p>&nbsp;<\/p>\n<p>Zijn kwaliteiten kunnen volgens de verstrekte informatie bijzonder nuttig zijn in verschillende tactische situaties, vooral in wedstrijden waarin Union meer controle, rust en creativiteit op het middenveld nodig heeft.<\/p>\n<p>&nbsp;<\/p>\n<p>De transfersom van 2 miljoen euro zou bovendien aantonen dat Union Saint-Gilloise serieus inzet op de komst van de speler. Het gaat volgens de verstrekte informatie niet om een kortetermijnoplossing, maar om een investering in een speler die meerdere seizoenen een belangrijke bijdrage kan leveren.<\/p>\n<p>&nbsp;<\/p>\n<p>Voor Kr\u010d\u00edk zou de transfer een nieuwe en belangrijke stap in zijn carri\u00e8re betekenen. De middenvelder krijgt mogelijk de kans om zich op een hoger niveau te bewijzen en zich voor de supporters van Union te tonen.<\/p>\n<p>&nbsp;<\/p>\n<p>Een overeenkomst voor vijf jaar geeft hem voldoende tijd om zich aan te passen aan het Belgische voetbal, te strijden voor een basisplaats en zich mogelijk te ontwikkelen tot een sleutelspeler op het middenveld.<\/p>\n<p>&nbsp;<\/p>\n<p>Union Saint-Gilloise bouwt verder aan een ambitieuze selectie en de mogelijke komst van Kr\u010d\u00edk zou perfect binnen die langetermijnstrategie kunnen passen.<\/p>\n<p>&nbsp;<\/p>\n<p>Volgens de verstrekte informatie bereidt de middenvelder zich nu voor op het volgende hoofdstuk van zijn carri\u00e8re. Als alle formaliteiten worden afgerond, kan Belgi\u00eb zijn nieuwe voetbalbestemming worden.<\/p>\n<p>&nbsp;<\/p>\n<p>\ud83d\udd25 2 MILJOEN EURO. VIJF JAAR. \u00c9\u00c9N GROTE TRANSFER.<\/p>\n<p>&nbsp;<\/p>\n<p>D\u00e1vid Kr\u010d\u00edk kan binnenkort de kleuren van Union Saint-Gilloise dragen, nadat de club volgens de verstrekte informatie een volledig akkoord met FK Pardubice heeft bereikt.<\/p>\n<p>&nbsp;<\/p>\n<p>De 25-jarige middenvelder zou een vijfjarig contract hebben overeengekomen, terwijl Union naar verluidt 2 miljoen euro zal betalen voor zijn handtekening.<\/p>\n<p>&nbsp;<\/p>\n<p>Voor de Union-supporters zal de verwachting nu alleen maar groter worden. Als alles verloopt zoals gemeld, kan Kr\u010d\u00edk binnenkort aan een nieuw hoofdstuk bij Union beginnen en proberen uit te groeien tot een belangrijke speler in het team.<\/p>\n<p>&nbsp;<\/p>\n<p>&nbsp;<\/p>\n","protected":false},"excerpt":{"rendered":"<div class=\"mh-excerpt\"><p>&nbsp; Union Saint-Gilloise heeft volgens de verstrekte informatie een volledig akkoord bereikt over de transfer van FK Pardubice-middenvelder D\u00e1vid Kr\u010d\u00edk. De transfer kan uitgroeien tot <a class=\"mh-excerpt-more\" href=\"https:\/\/soccer90mins.com\/?p=36645\" title=\"UNION SAINT-GILLOISE BEREIKT VOLLEDIG AKKOORD OVER FK PARDUBICE-MIDDENVELDER D\u00c1VID KR\u010c\u00cdK, DE 25-JARIGE HEEFT EEN CONTRACT VAN 5 JAAR AANVAARD EN UNION BETAALT 2 MILJOEN EURO VOOR DE TALISMAN\">[&#8230;]<\/a><\/p>\n<\/div>","protected":false},"author":10,"featured_media":36646,"comment_status":"open","ping_status":"open","sticky":false,"template":"","format":"standard","meta":{"_jetpack_newsletter_access":"","_jetpack_dont_email_post_to_subs":false,"_jetpack_newsletter_tier_id":0,"_jetpack_memberships_contains_paywalled_content":false,"_jetpack_feature_clip_id":0,"_jetpack_memberships_contains_paid_content":false,"footnotes":"","jetpack_post_was_ever_published":false},"categories":[304],"tags":[],"class_list":["post-36645","post","type-post","status-publish","format-standard","has-post-thumbnail","hentry","category-football"],"jetpack_sharing_enabled":true,"jetpack_featured_media_url":"https:\/\/soccer90mins.com\/wp-content\/uploads\/2026\/09\/1788594503514.jpg","_links":{"self":[{"href":"https:\/\/soccer90mins.com\/index.php?rest_route=\/wp\/v2\/posts\/36645","targetHints":{"allow":["GET"]}}],"collection":[{"href":"https:\/\/soccer90mins.com\/index.php?rest_route=\/wp\/v2\/posts"}],"about":[{"href":"https:\/\/soccer90mins.com\/index.php?rest_route=\/wp\/v2\/types\/post"}],"author":[{"embeddable":true,"href":"https:\/\/soccer90mins.com\/index.php?rest_route=\/wp\/v2\/users\/10"}],"replies":[{"embeddable":true,"href":"https:\/\/soccer90mins.com\/index.php?rest_route=%2Fwp%2Fv2%2Fcomments&post=36645"}],"version-history":[{"count":1,"href":"https:\/\/soccer90mins.com\/index.php?rest_route=\/wp\/v2\/posts\/36645\/revisions"}],"predecessor-version":[{"id":36647,"href":"https:\/\/soccer90mins.com\/index.php?rest_route=\/wp\/v2\/posts\/36645\/revisions\/36647"}],"wp:featuredmedia":[{"embeddable":true,"href":"https:\/\/soccer90mins.com\/index.php?rest_route=\/wp\/v2\/media\/36646"}],"wp:attachment":[{"href":"https:\/\/soccer90mins.com\/index.php?rest_route=%2Fwp%2Fv2%2Fmedia&parent=36645"}],"wp:term":[{"taxonomy":"category","embeddable":true,"href":"https:\/\/soccer90mins.com\/index.php?rest_route=%2Fwp%2Fv2%2Fcategories&post=36645"},{"taxonomy":"post_tag","embeddable":true,"href":"https:\/\/soccer90mins.com\/index.php?rest_route=%2Fwp%2Fv2%2Ftags&post=36645"}],"curies":[{"name":"wp","href":"https:\/\/api.w.org\/{rel}","templated":true}]}}